{"id":3047,"date":"2024-03-25T10:17:58","date_gmt":"2024-03-25T09:17:58","guid":{"rendered":"https:\/\/www.callmewine.com\/blog\/?p=3047"},"modified":"2024-05-07T17:34:37","modified_gmt":"2024-05-07T15:34:37","slug":"abbinamento-vino-canederli","status":"publish","type":"post","link":"https:\/\/www.callmewine.com\/blog\/wine-food\/piatti-primi\/abbinamento-vino-canederli\/","title":{"rendered":"Abbinamento vino e Canederli"},"content":{"rendered":"\n<div class=\"wp-block-group is-layout-constrained wp-block-group-is-layout-constrained\"><div class=\"wp-block-group__inner-container\">\n<div class=\"wp-block-group is-layout-constrained wp-block-group-is-layout-constrained\"><div class=\"wp-block-group__inner-container\">\n<p style=\"text-align: justify;\"><span style=\"font-weight: 400;\">Oggi esploreremo la tradizione gastronomica del Trentino-Alto Adige: l&#8217;arte degli irresistibili canederli. Questi gnocchi di pane, avvolti in una storia secolare, sono una delizia da gustare in ogni stagione. Vi sveleremo un connubio perfetto tra i sapori robusti dei canederli e l&#8217;accompagnamento di un vino saggiamente scelto. Dalle varianti tradizionali a quelle pi\u00f9 moderne, preparatevi a scoprire come un bicchiere di vino pu\u00f2 trasformare l&#8217;esperienza dei vostri canederli in un banchetto memorabile. Continuate allora la lettura di questo articolo <strong>alla scoperta dell&#8217;abbinamento perfetto tra Canederli e vino<\/strong>!<\/span><\/p>\n<\/div><\/div>\n<\/div><\/div>\n\n\n<div class=\"wp-block-wpzoom-recipe-card-block-recipe-card header-content-align-center block-alignment-center is-style-default\" id=\"wpzoom-recipe-card\"><div class=\"recipe-card-image\">\n\t\t\t\t<figure>\n\t\t\t\t\t<img loading=\"lazy\" width=\"800\" height=\"530\" src=\"https:\/\/www.callmewine.com\/blog\/wp-content\/uploads\/2024\/03\/canederli-vino-800x530.jpg\" class=\"wpzoom-recipe-card-image\" alt=\"Ricetta Canederli\" decoding=\"async\" id=\"3049\" \/>\n\t\t\t\t\t<figcaption>\n\t\t\t\t\t\t\n\t\t            <\/figcaption>\n\t\t\t\t<\/figure>\n\t\t\t<\/div>\n\t\t\t<div class=\"recipe-card-heading\">\n\t\t\t\t<h2 class=\"recipe-card-title\">Ricetta Canederli<\/h2><\/div><div class=\"recipe-card-details\"><div class=\"details-items\"><div class=\"detail-item detail-item-0\"><span class=\"detail-item-icon oldicon oldicon-food\" style=\"color: #6d767f;\"><\/span><span class=\"detail-item-label\">Porzioni<\/span><p class=\"detail-item-value\">4<\/p><span class=\"detail-item-unit\">persone<\/span><\/div><div class=\"detail-item detail-item-1\"><span class=\"detail-item-icon oldicon oldicon-clock\" style=\"color: #6d767f;\"><\/span><span class=\"detail-item-label\">Preparazione<\/span><p class=\"detail-item-value\">45<\/p><span class=\"detail-item-unit\">minutes<\/span><\/div><div class=\"detail-item detail-item-2\"><span class=\"detail-item-icon foodicons foodicons-cooking-food-in-a-hot-casserole\" style=\"color: #6d767f;\"><\/span><span class=\"detail-item-label\">Cottura<\/span><p class=\"detail-item-value\">20<\/p><span class=\"detail-item-unit\">minutes<\/span><\/div><\/div><\/div><p class=\"recipe-card-summary no-print\">La ricetta dei Canederli fatta dal team di Callmewine<\/p><div class=\"recipe-card-ingredients\"><h3 class=\"ingredients-title\">Ingredienti<\/h3><ul class=\"ingredients-list layout-1-column\"><li id=\"wpzoom-rcb-ingredient-item-62d5800aa9ec6\" class=\"ingredient-item\"><span class=\"tick-circle\"><\/span><p class=\"ingredient-item-name is-strikethrough-active\"><span class=\"wpzoom-rcb-ingredient-name\">250 g di pane raffermo<\/span><\/p><\/li><li id=\"wpzoom-rcb-ingredient-item-62d5800aa9ec7\" class=\"ingredient-item\"><span class=\"tick-circle\"><\/span><p class=\"ingredient-item-name is-strikethrough-active\"><span class=\"wpzoom-rcb-ingredient-name\">200 ml di latte<\/span><\/p><\/li><li id=\"wpzoom-rcb-ingredient-item-62d5800aa9ec8\" class=\"ingredient-item\"><span class=\"tick-circle\"><\/span><p class=\"ingredient-item-name is-strikethrough-active\"><span class=\"wpzoom-rcb-ingredient-name\">2 uova<\/span><\/p><\/li><li id=\"wpzoom-rcb-ingredient-item-1658159285566319\" class=\"ingredient-item\"><span class=\"tick-circle\"><\/span><p class=\"ingredient-item-name is-strikethrough-active\"><span class=\"wpzoom-rcb-ingredient-name\">100 g di speck (o pancetta affumicata)<\/span><\/p><\/li><li id=\"wpzoom-rcb-ingredient-item-1674832449748103\" class=\"ingredient-item\"><span class=\"tick-circle\"><\/span><p class=\"ingredient-item-name is-strikethrough-active\"><span class=\"wpzoom-rcb-ingredient-name\">1 cipolla media<\/span><\/p><\/li><li id=\"wpzoom-rcb-ingredient-item-1711355072259263\" class=\"ingredient-item\"><span class=\"tick-circle\"><\/span><p class=\"ingredient-item-name is-strikethrough-active\"><span class=\"wpzoom-rcb-ingredient-name\">50 g di burro<\/span><\/p><\/li><li id=\"wpzoom-rcb-ingredient-item-1711355078416272\" class=\"ingredient-item\"><span class=\"tick-circle\"><\/span><p class=\"ingredient-item-name is-strikethrough-active\"><span class=\"wpzoom-rcb-ingredient-name\">100 g di farina<\/span><\/p><\/li><li id=\"wpzoom-rcb-ingredient-item-1711355084592285\" class=\"ingredient-item\"><span class=\"tick-circle\"><\/span><p class=\"ingredient-item-name is-strikethrough-active\"><span class=\"wpzoom-rcb-ingredient-name\">1 pizzico di noce moscata<\/span><\/p><\/li><li id=\"wpzoom-rcb-ingredient-item-1711355089409294\" class=\"ingredient-item\"><span class=\"tick-circle\"><\/span><p class=\"ingredient-item-name is-strikethrough-active\"><span class=\"wpzoom-rcb-ingredient-name\">Sale e pepe q.b.<\/span><\/p><\/li><li id=\"wpzoom-rcb-ingredient-item-1711355096538311\" class=\"ingredient-item\"><span class=\"tick-circle\"><\/span><p class=\"ingredient-item-name is-strikethrough-active\"><span class=\"wpzoom-rcb-ingredient-name\">Prezzemolo fresco tritato q.b.<\/span><\/p><\/li><\/ul><\/div><div class=\"recipe-card-directions\"><h3 class=\"directions-title\">Preparazione<\/h3><ul class=\"directions-list\"><li id=\"wpzoom-rcb-direction-step-62d5800aa9ec9\" class=\"direction-step\">Taglia il pane raffermo a cubetti piccoli e mettili in una ciotola capiente.<\/li><li id=\"wpzoom-rcb-direction-step-62d5800aa9eca\" class=\"direction-step\">Riscalda il latte senza farlo bollire e versalo sui cubetti di pane. Lascia in ammollo per circa 15-20 minuti, fino a quando il pane assorbe tutto il liquido.<\/li><li id=\"wpzoom-rcb-direction-step-62d5800aa9ecb\" class=\"direction-step\">Nel frattempo, trita finemente la cipolla e il prezzemolo. Affetta anche lo speck o la pancetta affumicata.<\/li><li id=\"wpzoom-rcb-direction-step-16581594207421716\" class=\"direction-step\">In una padella, sciogli il burro a fuoco medio e aggiungi la cipolla tritata. Rosola la cipolla fino a renderla trasparente.<\/li><li id=\"wpzoom-rcb-direction-step-1695803020799341\" class=\"direction-step\">Aggiungi lo speck o la pancetta affumicata nella padella e cuoci fino a quando diventa croccante.<\/li><li id=\"wpzoom-rcb-direction-step-1695803031258350\" class=\"direction-step\">Unisci il composto di cipolla e speck al pane ammollato. Aggiungi anche le uova, la farina, la noce moscata, il prezzemolo tritato, sale e pepe. Mescola bene tutti gli ingredienti fino a ottenere un impasto omogeneo.<\/li><li id=\"wpzoom-rcb-direction-step-1695803044788359\" class=\"direction-step\">Lascia riposare l&#8217;impasto per circa 30 minuti in modo che la farina assorba l&#8217;umidit\u00e0.<\/li><li id=\"wpzoom-rcb-direction-step-1707747564942333\" class=\"direction-step\">Forma delle palline con le mani leggermente inumidite, dando una forma rotonda alle dimensioni di una noce.<\/li><li id=\"wpzoom-rcb-direction-step-1707747568810342\" class=\"direction-step\">Porta una pentola d&#8217;acqua salata a ebollizione. Riduci la fiamma in modo che l&#8217;acqua sia appena sotto il punto di ebollizione.<\/li><li id=\"wpzoom-rcb-direction-step-1711355192870504\" class=\"direction-step\">Cuoci i canederli nell&#8217;acqua calda per circa 15-20 minuti, o fino a quando salgono in superficie. Assicurati che l&#8217;acqua non bolla troppo, altrimenti i canederli potrebbero disfarsi.<\/li><li id=\"wpzoom-rcb-direction-step-1711355200368513\" class=\"direction-step\">Una volta cotti, scolali con un mestolo forato e servili caldi. Puoi accompagnare i canederli con burro fuso e una spolverata di prezzemolo fresco.<br \/><\/li><\/ul><\/div><script type=\"application\/ld+json\">{\"@context\":\"https:\\\/\\\/schema.org\",\"@type\":\"Recipe\",\"name\":\"Ricetta Canederli\",\"image\":[\"https:\\\/\\\/www.callmewine.com\\\/blog\\\/wp-content\\\/uploads\\\/2024\\\/03\\\/canederli-vino.jpg\",\"https:\\\/\\\/www.callmewine.com\\\/blog\\\/wp-content\\\/uploads\\\/2024\\\/03\\\/canederli-vino-500x500.jpg\",\"https:\\\/\\\/www.callmewine.com\\\/blog\\\/wp-content\\\/uploads\\\/2024\\\/03\\\/canederli-vino-500x375.jpg\",\"https:\\\/\\\/www.callmewine.com\\\/blog\\\/wp-content\\\/uploads\\\/2024\\\/03\\\/canederli-vino-480x270.jpg\"],\"description\":\"La ricetta dei Canederli fatta dal team di Callmewine\",\"keywords\":[],\"author\":{\"@type\":\"Person\",\"name\":\"Emma Cappa\"},\"datePublished\":\"2024-03-25T10:17:58+01:00\",\"prepTime\":\"PT45M\",\"cookTime\":\"PT20M\",\"totalTime\":\"PT1H5M\",\"recipeCategory\":[\"Primi\",\"Wine &amp; Food\"],\"recipeCuisine\":[],\"recipeYield\":[\"4\",\"4 persone\"],\"nutrition\":{\"@type\":\"NutritionInformation\"},\"recipeIngredient\":[\"250 g di pane raffermo\",\"200 ml di latte\",\"2 uova\",\"100 g di speck (o pancetta affumicata)\",\"1 cipolla media\",\"50 g di burro\",\"100 g di farina\",\"1 pizzico di noce moscata\",\"Sale e pepe q.b.\",\"Prezzemolo fresco tritato q.b.\"],\"recipeInstructions\":[{\"@type\":\"HowToStep\",\"name\":\"Taglia il pane raffermo a cubetti piccoli e mettili in una ciotola capiente.\",\"text\":\"Taglia il pane raffermo a cubetti piccoli e mettili in una ciotola capiente.\",\"url\":\"https:\\\/\\\/www.callmewine.com\\\/blog\\\/wine-food\\\/piatti-primi\\\/abbinamento-vino-canederli\\\/#wpzoom-rcb-direction-step-62d5800aa9ec9\",\"image\":\"\"},{\"@type\":\"HowToStep\",\"name\":\"Riscalda il latte senza farlo bollire e versalo sui cubetti di pane. Lascia in ammollo per circa 15-20 minuti, fino a quando il pane assorbe tutto il liquido.\",\"text\":\"Riscalda il latte senza farlo bollire e versalo sui cubetti di pane. Lascia in ammollo per circa 15-20 minuti, fino a quando il pane assorbe tutto il liquido.\",\"url\":\"https:\\\/\\\/www.callmewine.com\\\/blog\\\/wine-food\\\/piatti-primi\\\/abbinamento-vino-canederli\\\/#wpzoom-rcb-direction-step-62d5800aa9eca\",\"image\":\"\"},{\"@type\":\"HowToStep\",\"name\":\"Nel frattempo, trita finemente la cipolla e il prezzemolo. Affetta anche lo speck o la pancetta affumicata.\",\"text\":\"Nel frattempo, trita finemente la cipolla e il prezzemolo. Affetta anche lo speck o la pancetta affumicata.\",\"url\":\"https:\\\/\\\/www.callmewine.com\\\/blog\\\/wine-food\\\/piatti-primi\\\/abbinamento-vino-canederli\\\/#wpzoom-rcb-direction-step-62d5800aa9ecb\",\"image\":\"\"},{\"@type\":\"HowToStep\",\"name\":\"In una padella, sciogli il burro a fuoco medio e aggiungi la cipolla tritata. Rosola la cipolla fino a renderla trasparente.\",\"text\":\"In una padella, sciogli il burro a fuoco medio e aggiungi la cipolla tritata. Rosola la cipolla fino a renderla trasparente.\",\"url\":\"https:\\\/\\\/www.callmewine.com\\\/blog\\\/wine-food\\\/piatti-primi\\\/abbinamento-vino-canederli\\\/#wpzoom-rcb-direction-step-16581594207421716\",\"image\":\"\"},{\"@type\":\"HowToStep\",\"name\":\"Aggiungi lo speck o la pancetta affumicata nella padella e cuoci fino a quando diventa croccante.\",\"text\":\"Aggiungi lo speck o la pancetta affumicata nella padella e cuoci fino a quando diventa croccante.\",\"url\":\"https:\\\/\\\/www.callmewine.com\\\/blog\\\/wine-food\\\/piatti-primi\\\/abbinamento-vino-canederli\\\/#wpzoom-rcb-direction-step-1695803020799341\",\"image\":\"\"},{\"@type\":\"HowToStep\",\"name\":\"Unisci il composto di cipolla e speck al pane ammollato. Aggiungi anche le uova, la farina, la noce moscata, il prezzemolo tritato, sale e pepe. Mescola bene tutti gli ingredienti fino a ottenere un impasto omogeneo.\",\"text\":\"Unisci il composto di cipolla e speck al pane ammollato. Aggiungi anche le uova, la farina, la noce moscata, il prezzemolo tritato, sale e pepe. Mescola bene tutti gli ingredienti fino a ottenere un impasto omogeneo.\",\"url\":\"https:\\\/\\\/www.callmewine.com\\\/blog\\\/wine-food\\\/piatti-primi\\\/abbinamento-vino-canederli\\\/#wpzoom-rcb-direction-step-1695803031258350\",\"image\":\"\"},{\"@type\":\"HowToStep\",\"name\":\"Lascia riposare l'impasto per circa 30 minuti in modo che la farina assorba l'umidit\u00e0.\",\"text\":\"Lascia riposare l'impasto per circa 30 minuti in modo che la farina assorba l'umidit\u00e0.\",\"url\":\"https:\\\/\\\/www.callmewine.com\\\/blog\\\/wine-food\\\/piatti-primi\\\/abbinamento-vino-canederli\\\/#wpzoom-rcb-direction-step-1695803044788359\",\"image\":\"\"},{\"@type\":\"HowToStep\",\"name\":\"Forma delle palline con le mani leggermente inumidite, dando una forma rotonda alle dimensioni di una noce.\",\"text\":\"Forma delle palline con le mani leggermente inumidite, dando una forma rotonda alle dimensioni di una noce.\",\"url\":\"https:\\\/\\\/www.callmewine.com\\\/blog\\\/wine-food\\\/piatti-primi\\\/abbinamento-vino-canederli\\\/#wpzoom-rcb-direction-step-1707747564942333\",\"image\":\"\"},{\"@type\":\"HowToStep\",\"name\":\"Porta una pentola d'acqua salata a ebollizione. Riduci la fiamma in modo che l'acqua sia appena sotto il punto di ebollizione.\",\"text\":\"Porta una pentola d'acqua salata a ebollizione. Riduci la fiamma in modo che l'acqua sia appena sotto il punto di ebollizione.\",\"url\":\"https:\\\/\\\/www.callmewine.com\\\/blog\\\/wine-food\\\/piatti-primi\\\/abbinamento-vino-canederli\\\/#wpzoom-rcb-direction-step-1707747568810342\",\"image\":\"\"},{\"@type\":\"HowToStep\",\"name\":\"Cuoci i canederli nell'acqua calda per circa 15-20 minuti, o fino a quando salgono in superficie. Assicurati che l'acqua non bolla troppo, altrimenti i canederli potrebbero disfarsi.\",\"text\":\"Cuoci i canederli nell'acqua calda per circa 15-20 minuti, o fino a quando salgono in superficie. Assicurati che l'acqua non bolla troppo, altrimenti i canederli potrebbero disfarsi.\",\"url\":\"https:\\\/\\\/www.callmewine.com\\\/blog\\\/wine-food\\\/piatti-primi\\\/abbinamento-vino-canederli\\\/#wpzoom-rcb-direction-step-1711355192870504\",\"image\":\"\"},{\"@type\":\"HowToStep\",\"name\":\"Una volta cotti, scolali con un mestolo forato e servili caldi. Puoi accompagnare i canederli con burro fuso e una spolverata di prezzemolo fresco.\",\"text\":\"Una volta cotti, scolali con un mestolo forato e servili caldi. Puoi accompagnare i canederli con burro fuso e una spolverata di prezzemolo fresco.\",\"url\":\"https:\\\/\\\/www.callmewine.com\\\/blog\\\/wine-food\\\/piatti-primi\\\/abbinamento-vino-canederli\\\/#wpzoom-rcb-direction-step-1711355200368513\",\"image\":\"\"}]}<\/script><\/div>\n\n\n<h2 class=\"wp-block-heading\"><strong>Vini da abbinare ai Canederli<\/strong><\/h2>\n\n\n\n<p style=\"text-align: justify;\"><span style=\"font-weight: 400;\">L&#8217;abbinamento tra vino e canederli richiede una scelta attenta per esaltare i sapori di questo piatto tradizionale del Trentino-Alto Adige. Ecco alcune opzioni di vini che si sposano bene con i canederli:<\/span><\/p>\n<ul>\n<li style=\"text-align: justify;\"><span style=\"font-weight: 400;\"><strong>Gew\u00fcrztraminer<\/strong>: Un vino aromatico come il <a href=\"https:\/\/www.callmewine.com\/gewurztraminer-V121.htm\">Gew\u00fcrztraminer<\/a>, tipico della regione, pu\u00f2 essere un&#8217;ottima scelta. Le sue note speziate e il profumo floreale si armonizzano bene con la consistenza morbida e il sapore saporito dei canederli.<\/span><\/li>\n<li style=\"text-align: justify;\"><span style=\"font-weight: 400;\"><strong>Sauvignon Blanc<\/strong>: Un <a href=\"https:\/\/www.callmewine.com\/sauvignon-V263.htm\">Sauvignon Blanc<\/a> fresco e aromatico pu\u00f2 offrire un contrasto vivace ai sapori dei canederli. Le sue note agrumate e l&#8217;acidit\u00e0 possono bilanciare la ricchezza del piatto.<\/span><\/li>\n<li style=\"text-align: justify;\"><span style=\"font-weight: 400;\"><strong>Pinot Bianco<\/strong>: Il <a href=\"https:\/\/www.callmewine.com\/pinot-bianco-V219.htm\">Pinot Bianco<\/a>, con la sua freschezza e leggera mineralit\u00e0, \u00e8 un&#8217;opzione versatile che pu\u00f2 complementare la delicatezza dei canederli senza dominarli.<\/span><\/li>\n<li style=\"text-align: justify;\"><span style=\"font-weight: 400;\"><strong>Vino della Valdadige<\/strong>: Un vino della Valdadige, come un bianco a base di <a href=\"https:\/\/www.callmewine.com\/pinot-grigio-V220.htm\">Pinot Grigio<\/a> o <a href=\"https:\/\/www.callmewine.com\/chardonnay-V68.htm\">Chardonnay<\/a>, pu\u00f2 essere una scelta locale e deliziosa. La sua freschezza si abbina bene alla consistenza morbida dei canederli.<\/span><\/li>\n<li style=\"text-align: justify;\"><span style=\"font-weight: 400;\"><strong>Schiava o Lagrein<\/strong>: Se preferisci un vino rosso, prova con uno <a href=\"https:\/\/www.callmewine.com\/schiava-V267.htm\">Schiava<\/a> o un <a href=\"https:\/\/www.callmewine.com\/lagrein-V142.htm\">Lagrein<\/a>, due variet\u00e0 tipiche della regione. Sono vini leggeri a media struttura che possono accompagnare i canederli senza sopraffarli.<\/span><\/li>\n<\/ul>\n<p style=\"text-align: justify;\">&nbsp;<\/p>\n\n\n\n<div class=\"wp-block-afpb-review-list\" style=\"border:19px undefined #9a2645;border-radius:43px;background-color:#ffffff\"><div class=\"afpb__badge\" style=\"color:#ffffff;background-color:#d7b837\">Bianco<\/div><div class=\"product_photo\"><img decoding=\"async\" loading=\"lazy\" width=\"500\" height=\"899\" src=\"https:\/\/www.callmewine.com\/blog\/wp-content\/uploads\/2024\/03\/sauvignon-indra-girlan-2022_51886.webp\" alt=\"\" class=\"wp-image-3050\" srcset=\"https:\/\/www.callmewine.com\/blog\/wp-content\/uploads\/2024\/03\/sauvignon-indra-girlan-2022_51886.webp 500w, https:\/\/www.callmewine.com\/blog\/wp-content\/uploads\/2024\/03\/sauvignon-indra-girlan-2022_51886-167x300.webp 167w\" sizes=\"(max-width: 500px) 100vw, 500px\" \/><\/div><div class=\"product_content\"><h2 class=\"title_tag\" style=\"color:#333333\">Sauvignon &#8216;Indra&#8217; Girlan<\/h2><div class=\"afpb__props_list\" id=\"afpb__props_49785dce\" style=\"color:#333333\"><ul><li>Un Sauvignon Blanc affinato in acciaio sui lieviti, dalle lievi note minerali e agrumate, che accompagnano un sorso fresco e dinamico.<\/li><\/ul><\/div><\/div><div class=\"product__action_area\"><div class=\"product__btn\"><a href=\"https:\/\/www.callmewine.com\/sauvignon-indra-girlan-2022-P46999.htm\" target=\"_self\" rel=\"noopener\" class=\"afpb__btn afpb__btn_49785dce\" style=\"color:#ffffff;background-color:#9a2645;border:0px solid #d59215;border-radius:5px\">Acquista<\/a><\/div><\/div><\/div>\n\n\n\n<div class=\"wp-block-afpb-review-list\" style=\"border:19px undefined #9a2645;border-radius:43px;background-color:#ffffff\"><div class=\"afpb__badge\" style=\"color:#ffffff;background-color:#d7b837\">Bianco<\/div><div class=\"product_photo\"><img decoding=\"async\" loading=\"lazy\" width=\"500\" height=\"899\" src=\"https:\/\/www.callmewine.com\/blog\/wp-content\/uploads\/2024\/03\/solaris-thomas-niedermayr-2019_54181.webp\" alt=\"\" class=\"wp-image-3051\" srcset=\"https:\/\/www.callmewine.com\/blog\/wp-content\/uploads\/2024\/03\/solaris-thomas-niedermayr-2019_54181.webp 500w, https:\/\/www.callmewine.com\/blog\/wp-content\/uploads\/2024\/03\/solaris-thomas-niedermayr-2019_54181-167x300.webp 167w\" sizes=\"(max-width: 500px) 100vw, 500px\" \/><\/div><div class=\"product_content\"><h2 class=\"title_tag\" style=\"color:#333333\">Solaris Thomas Niedermayr<\/h2><div class=\"afpb__props_list\" id=\"afpb__props_0046e07e\" style=\"color:#333333\"><ul><li>Un vino bianco artigianale della Val d&#8217;Adige, che tinge il calice di sfumature brillanti ed esprime note di frutta tropicale e frutta a polpa gialla.<\/li><\/ul><\/div><\/div><div class=\"product__action_area\"><div class=\"product__btn\"><a href=\"https:\/\/www.callmewine.com\/solaris-thomas-niedermayr-2019-P49256.htm\" target=\"_self\" rel=\"noopener\" class=\"afpb__btn afpb__btn_0046e07e\" style=\"color:#ffffff;background-color:#9a2645;border:0px solid #d59215;border-radius:5px\">Acquista<\/a><\/div><\/div><\/div>\n\n\n\n<div class=\"wp-block-afpb-review-list\" style=\"border:19px undefined #9a2645;border-radius:43px;background-color:#ffffff\"><div class=\"afpb__badge\" style=\"color:#ffffff;background-color:#a5001a\">Rosso<\/div><div class=\"product_photo\"><img decoding=\"async\" loading=\"lazy\" width=\"500\" height=\"899\" src=\"https:\/\/www.callmewine.com\/blog\/wp-content\/uploads\/2024\/03\/sauvignon-ferlat-2022_54777.webp\" alt=\"\" class=\"wp-image-3052\" srcset=\"https:\/\/www.callmewine.com\/blog\/wp-content\/uploads\/2024\/03\/sauvignon-ferlat-2022_54777.webp 500w, https:\/\/www.callmewine.com\/blog\/wp-content\/uploads\/2024\/03\/sauvignon-ferlat-2022_54777-167x300.webp 167w\" sizes=\"(max-width: 500px) 100vw, 500px\" \/><\/div><div class=\"product_content\"><h2 class=\"title_tag\" style=\"color:#333333\">Sauvignon Ferlat<\/h2><div class=\"afpb__props_list\" id=\"afpb__props_eb719044\" style=\"color:#333333\"><ul><li>Il Sauvignon di Ferlat \u00e8 un vino bianco che esprime a meraviglia il carattere varietale dell&#8217;uva, con le sue note di foglia di pomodoro, e i cenni vegetali e agrumati.<\/li><\/ul><\/div><\/div><div class=\"product__action_area\"><div class=\"product__btn\"><a href=\"https:\/\/www.callmewine.com\/sauvignon-ferlat-2022-P49515.htm\" target=\"_self\" rel=\"noopener\" class=\"afpb__btn afpb__btn_eb719044\" style=\"color:#ffffff;background-color:#9a2645;border:0px solid #d59215;border-radius:5px\">Acquista<\/a><\/div><\/div><\/div>\n\n\n\n<p class=\"has-text-align-center\"><strong>Potrebbe interessarti anche: <\/strong><\/p>\n\n\n\n<p><a href=\"https:\/\/www.callmewine.com\/blog\/focus\/vini-valtellina\/\">I Vini della Valtellina<\/a> | <a href=\"https:\/\/www.callmewine.com\/blog\/wine-food\/piatti-primi\/abbinamento-vino-e-pasta-e-fagioli\/\">Abbinamento Vino e pasta e fagioli<\/a> | <a href=\"https:\/\/www.callmewine.com\/blog\/wine-food\/piatti-primi\/risotto-allamarone\/\">Abbinamento Vino e risotto all&#8217;amarone<\/a> | <a href=\"https:\/\/www.callmewine.com\/blog\/wine-food\/food-tour\/vino-da-abbinare-ai-funghi-quale-scegliere\/\">Abbinamento Vino e funghi<\/a> | <a href=\"https:\/\/www.callmewine.com\/blog\/wine-food\/piatti-primi\/ricetta-pizzzoccheri\/\">Abbinamento Vino e pizzoccheri<\/a> | <a href=\"https:\/\/www.callmewine.com\/vini-alto-adige-M1R58.htm\">Vini Altoatesini<\/a> | <a href=\"https:\/\/www.callmewine.com\/gewurztraminer-V121.htm\">Gewurztraminer <\/a>| <a href=\"https:\/\/www.callmewine.com\/sauvignon-V263.htm\">Sauvignon <\/a>| <a href=\"https:\/\/www.callmewine.com\/schiava-V267.htm\">Schiava <\/a><\/p>\n","protected":false},"excerpt":{"rendered":"<p>Ricetta dei Canederli step by step e i migliori abbinamenti con il vino<\/p>\n","protected":false},"author":7,"featured_media":3049,"comment_status":"closed","ping_status":"closed","sticky":false,"template":"","format":"standard","meta":{"footnotes":""},"categories":[7,15],"tags":[],"yoast_head":"<!-- This site is optimized with the Yoast SEO plugin v22.4 - https:\/\/yoast.com\/wordpress\/plugins\/seo\/ -->\n<title>Vino da abbinare ai canederli: quale scegliere? | Callmewine<\/title>\n<meta name=\"description\" content=\"Scopri i consigli di Callmewine e fatti guidare nella scelta del miglior vino per i canederli, il tutto contornato dalla ricetta del piatto!\" \/>\n<meta name=\"robots\" content=\"index, follow, max-snippet:-1, max-image-preview:large, max-video-preview:-1\" \/>\n<link rel=\"canonical\" href=\"https:\/\/www.callmewine.com\/blog\/wine-food\/piatti-primi\/abbinamento-vino-canederli\/\" \/>\n<meta property=\"og:locale\" content=\"it_IT\" \/>\n<meta property=\"og:type\" content=\"article\" \/>\n<meta property=\"og:title\" content=\"Vino da abbinare ai canederli: quale scegliere? | Callmewine\" \/>\n<meta property=\"og:description\" content=\"Scopri i consigli di Callmewine e fatti guidare nella scelta del miglior vino per i canederli, il tutto contornato dalla ricetta del piatto!\" \/>\n<meta property=\"og:url\" content=\"https:\/\/www.callmewine.com\/blog\/wine-food\/piatti-primi\/abbinamento-vino-canederli\/\" \/>\n<meta property=\"og:site_name\" content=\"Callmewine Blog\" \/>\n<meta property=\"article:publisher\" content=\"https:\/\/www.facebook.com\/Callmewine\/\" \/>\n<meta property=\"article:published_time\" content=\"2024-03-25T09:17:58+00:00\" \/>\n<meta property=\"article:modified_time\" content=\"2024-05-07T15:34:37+00:00\" \/>\n<meta property=\"og:image\" content=\"https:\/\/www.callmewine.com\/blog\/wp-content\/uploads\/2024\/03\/canederli-vino.jpg\" \/>\n\t<meta property=\"og:image:width\" content=\"1024\" \/>\n\t<meta property=\"og:image:height\" content=\"576\" \/>\n\t<meta property=\"og:image:type\" content=\"image\/jpeg\" \/>\n<meta name=\"author\" content=\"Emma Cappa\" \/>\n<meta name=\"twitter:card\" content=\"summary_large_image\" \/>\n<meta name=\"twitter:label1\" content=\"Scritto da\" \/>\n\t<meta name=\"twitter:data1\" content=\"Emma Cappa\" \/>\n\t<meta name=\"twitter:label2\" content=\"Tempo di lettura stimato\" \/>\n\t<meta name=\"twitter:data2\" content=\"3 minuti\" \/>\n<script type=\"application\/ld+json\" class=\"yoast-schema-graph\">{\"@context\":\"https:\/\/schema.org\",\"@graph\":[{\"@type\":\"Article\",\"@id\":\"https:\/\/www.callmewine.com\/blog\/wine-food\/piatti-primi\/abbinamento-vino-canederli\/#article\",\"isPartOf\":{\"@id\":\"https:\/\/www.callmewine.com\/blog\/wine-food\/piatti-primi\/abbinamento-vino-canederli\/\"},\"author\":{\"name\":\"Emma Cappa\",\"@id\":\"https:\/\/www.callmewine.com\/blog\/#\/schema\/person\/d523788987e4779127011837da268082\"},\"headline\":\"Abbinamento vino e Canederli\",\"datePublished\":\"2024-03-25T09:17:58+00:00\",\"dateModified\":\"2024-05-07T15:34:37+00:00\",\"mainEntityOfPage\":{\"@id\":\"https:\/\/www.callmewine.com\/blog\/wine-food\/piatti-primi\/abbinamento-vino-canederli\/\"},\"wordCount\":406,\"publisher\":{\"@id\":\"https:\/\/www.callmewine.com\/blog\/#organization\"},\"image\":{\"@id\":\"https:\/\/www.callmewine.com\/blog\/wine-food\/piatti-primi\/abbinamento-vino-canederli\/#primaryimage\"},\"thumbnailUrl\":\"https:\/\/www.callmewine.com\/blog\/wp-content\/uploads\/2024\/03\/canederli-vino.jpg\",\"articleSection\":[\"Primi\",\"Wine &amp; Food\"],\"inLanguage\":\"it-IT\"},{\"@type\":\"WebPage\",\"@id\":\"https:\/\/www.callmewine.com\/blog\/wine-food\/piatti-primi\/abbinamento-vino-canederli\/\",\"url\":\"https:\/\/www.callmewine.com\/blog\/wine-food\/piatti-primi\/abbinamento-vino-canederli\/\",\"name\":\"Vino da abbinare ai canederli: quale scegliere? | Callmewine\",\"isPartOf\":{\"@id\":\"https:\/\/www.callmewine.com\/blog\/#website\"},\"primaryImageOfPage\":{\"@id\":\"https:\/\/www.callmewine.com\/blog\/wine-food\/piatti-primi\/abbinamento-vino-canederli\/#primaryimage\"},\"image\":{\"@id\":\"https:\/\/www.callmewine.com\/blog\/wine-food\/piatti-primi\/abbinamento-vino-canederli\/#primaryimage\"},\"thumbnailUrl\":\"https:\/\/www.callmewine.com\/blog\/wp-content\/uploads\/2024\/03\/canederli-vino.jpg\",\"datePublished\":\"2024-03-25T09:17:58+00:00\",\"dateModified\":\"2024-05-07T15:34:37+00:00\",\"description\":\"Scopri i consigli di Callmewine e fatti guidare nella scelta del miglior vino per i canederli, il tutto contornato dalla ricetta del piatto!\",\"breadcrumb\":{\"@id\":\"https:\/\/www.callmewine.com\/blog\/wine-food\/piatti-primi\/abbinamento-vino-canederli\/#breadcrumb\"},\"inLanguage\":\"it-IT\",\"potentialAction\":[{\"@type\":\"ReadAction\",\"target\":[\"https:\/\/www.callmewine.com\/blog\/wine-food\/piatti-primi\/abbinamento-vino-canederli\/\"]}]},{\"@type\":\"ImageObject\",\"inLanguage\":\"it-IT\",\"@id\":\"https:\/\/www.callmewine.com\/blog\/wine-food\/piatti-primi\/abbinamento-vino-canederli\/#primaryimage\",\"url\":\"https:\/\/www.callmewine.com\/blog\/wp-content\/uploads\/2024\/03\/canederli-vino.jpg\",\"contentUrl\":\"https:\/\/www.callmewine.com\/blog\/wp-content\/uploads\/2024\/03\/canederli-vino.jpg\",\"width\":1024,\"height\":576,\"caption\":\"i migliori abbinamenti tra vino e canederli\"},{\"@type\":\"BreadcrumbList\",\"@id\":\"https:\/\/www.callmewine.com\/blog\/wine-food\/piatti-primi\/abbinamento-vino-canederli\/#breadcrumb\",\"itemListElement\":[{\"@type\":\"ListItem\",\"position\":1,\"name\":\"Blog\",\"item\":\"https:\/\/www.callmewine.com\/blog\/\"},{\"@type\":\"ListItem\",\"position\":2,\"name\":\"Wine &amp; Food\",\"item\":\"https:\/\/www.callmewine.com\/blog\/category\/wine-food\/\"},{\"@type\":\"ListItem\",\"position\":3,\"name\":\"Primi\",\"item\":\"https:\/\/www.callmewine.com\/blog\/category\/wine-food\/piatti-primi\/\"},{\"@type\":\"ListItem\",\"position\":4,\"name\":\"Abbinamento vino e Canederli\"}]},{\"@type\":\"WebSite\",\"@id\":\"https:\/\/www.callmewine.com\/blog\/#website\",\"url\":\"https:\/\/www.callmewine.com\/blog\/\",\"name\":\"Callmewine Blog\",\"description\":\"Il Blog di riferimento per il mondo del vino\",\"publisher\":{\"@id\":\"https:\/\/www.callmewine.com\/blog\/#organization\"},\"potentialAction\":[{\"@type\":\"SearchAction\",\"target\":{\"@type\":\"EntryPoint\",\"urlTemplate\":\"https:\/\/www.callmewine.com\/blog\/?s={search_term_string}\"},\"query-input\":\"required name=search_term_string\"}],\"inLanguage\":\"it-IT\"},{\"@type\":\"Organization\",\"@id\":\"https:\/\/www.callmewine.com\/blog\/#organization\",\"name\":\"Callmewine\",\"url\":\"https:\/\/www.callmewine.com\/blog\/\",\"logo\":{\"@type\":\"ImageObject\",\"inLanguage\":\"it-IT\",\"@id\":\"https:\/\/www.callmewine.com\/blog\/#\/schema\/logo\/image\/\",\"url\":\"https:\/\/www.callmewine.com\/blog\/wp-content\/uploads\/2022\/05\/logo.dcd0a122.png\",\"contentUrl\":\"https:\/\/www.callmewine.com\/blog\/wp-content\/uploads\/2022\/05\/logo.dcd0a122.png\",\"width\":1080,\"height\":274,\"caption\":\"Callmewine\"},\"image\":{\"@id\":\"https:\/\/www.callmewine.com\/blog\/#\/schema\/logo\/image\/\"},\"sameAs\":[\"https:\/\/www.facebook.com\/Callmewine\/\"]},{\"@type\":\"Person\",\"@id\":\"https:\/\/www.callmewine.com\/blog\/#\/schema\/person\/d523788987e4779127011837da268082\",\"name\":\"Emma Cappa\",\"image\":{\"@type\":\"ImageObject\",\"inLanguage\":\"it-IT\",\"@id\":\"https:\/\/www.callmewine.com\/blog\/#\/schema\/person\/image\/\",\"url\":\"https:\/\/secure.gravatar.com\/avatar\/b762ebb8e4525f93635cf985eb525d7e?s=96&d=mm&r=g\",\"contentUrl\":\"https:\/\/secure.gravatar.com\/avatar\/b762ebb8e4525f93635cf985eb525d7e?s=96&d=mm&r=g\",\"caption\":\"Emma Cappa\"}}]}<\/script>\n<!-- \/ Yoast SEO plugin. -->","yoast_head_json":{"title":"Vino da abbinare ai canederli: quale scegliere? | Callmewine","description":"Scopri i consigli di Callmewine e fatti guidare nella scelta del miglior vino per i canederli, il tutto contornato dalla ricetta del piatto!","robots":{"index":"index","follow":"follow","max-snippet":"max-snippet:-1","max-image-preview":"max-image-preview:large","max-video-preview":"max-video-preview:-1"},"canonical":"https:\/\/www.callmewine.com\/blog\/wine-food\/piatti-primi\/abbinamento-vino-canederli\/","og_locale":"it_IT","og_type":"article","og_title":"Vino da abbinare ai canederli: quale scegliere? | Callmewine","og_description":"Scopri i consigli di Callmewine e fatti guidare nella scelta del miglior vino per i canederli, il tutto contornato dalla ricetta del piatto!","og_url":"https:\/\/www.callmewine.com\/blog\/wine-food\/piatti-primi\/abbinamento-vino-canederli\/","og_site_name":"Callmewine Blog","article_publisher":"https:\/\/www.facebook.com\/Callmewine\/","article_published_time":"2024-03-25T09:17:58+00:00","article_modified_time":"2024-05-07T15:34:37+00:00","og_image":[{"width":1024,"height":576,"url":"https:\/\/www.callmewine.com\/blog\/wp-content\/uploads\/2024\/03\/canederli-vino.jpg","type":"image\/jpeg"}],"author":"Emma Cappa","twitter_card":"summary_large_image","twitter_misc":{"Scritto da":"Emma Cappa","Tempo di lettura stimato":"3 minuti"},"schema":{"@context":"https:\/\/schema.org","@graph":[{"@type":"Article","@id":"https:\/\/www.callmewine.com\/blog\/wine-food\/piatti-primi\/abbinamento-vino-canederli\/#article","isPartOf":{"@id":"https:\/\/www.callmewine.com\/blog\/wine-food\/piatti-primi\/abbinamento-vino-canederli\/"},"author":{"name":"Emma Cappa","@id":"https:\/\/www.callmewine.com\/blog\/#\/schema\/person\/d523788987e4779127011837da268082"},"headline":"Abbinamento vino e Canederli","datePublished":"2024-03-25T09:17:58+00:00","dateModified":"2024-05-07T15:34:37+00:00","mainEntityOfPage":{"@id":"https:\/\/www.callmewine.com\/blog\/wine-food\/piatti-primi\/abbinamento-vino-canederli\/"},"wordCount":406,"publisher":{"@id":"https:\/\/www.callmewine.com\/blog\/#organization"},"image":{"@id":"https:\/\/www.callmewine.com\/blog\/wine-food\/piatti-primi\/abbinamento-vino-canederli\/#primaryimage"},"thumbnailUrl":"https:\/\/www.callmewine.com\/blog\/wp-content\/uploads\/2024\/03\/canederli-vino.jpg","articleSection":["Primi","Wine &amp; Food"],"inLanguage":"it-IT"},{"@type":"WebPage","@id":"https:\/\/www.callmewine.com\/blog\/wine-food\/piatti-primi\/abbinamento-vino-canederli\/","url":"https:\/\/www.callmewine.com\/blog\/wine-food\/piatti-primi\/abbinamento-vino-canederli\/","name":"Vino da abbinare ai canederli: quale scegliere? | Callmewine","isPartOf":{"@id":"https:\/\/www.callmewine.com\/blog\/#website"},"primaryImageOfPage":{"@id":"https:\/\/www.callmewine.com\/blog\/wine-food\/piatti-primi\/abbinamento-vino-canederli\/#primaryimage"},"image":{"@id":"https:\/\/www.callmewine.com\/blog\/wine-food\/piatti-primi\/abbinamento-vino-canederli\/#primaryimage"},"thumbnailUrl":"https:\/\/www.callmewine.com\/blog\/wp-content\/uploads\/2024\/03\/canederli-vino.jpg","datePublished":"2024-03-25T09:17:58+00:00","dateModified":"2024-05-07T15:34:37+00:00","description":"Scopri i consigli di Callmewine e fatti guidare nella scelta del miglior vino per i canederli, il tutto contornato dalla ricetta del piatto!","breadcrumb":{"@id":"https:\/\/www.callmewine.com\/blog\/wine-food\/piatti-primi\/abbinamento-vino-canederli\/#breadcrumb"},"inLanguage":"it-IT","potentialAction":[{"@type":"ReadAction","target":["https:\/\/www.callmewine.com\/blog\/wine-food\/piatti-primi\/abbinamento-vino-canederli\/"]}]},{"@type":"ImageObject","inLanguage":"it-IT","@id":"https:\/\/www.callmewine.com\/blog\/wine-food\/piatti-primi\/abbinamento-vino-canederli\/#primaryimage","url":"https:\/\/www.callmewine.com\/blog\/wp-content\/uploads\/2024\/03\/canederli-vino.jpg","contentUrl":"https:\/\/www.callmewine.com\/blog\/wp-content\/uploads\/2024\/03\/canederli-vino.jpg","width":1024,"height":576,"caption":"i migliori abbinamenti tra vino e canederli"},{"@type":"BreadcrumbList","@id":"https:\/\/www.callmewine.com\/blog\/wine-food\/piatti-primi\/abbinamento-vino-canederli\/#breadcrumb","itemListElement":[{"@type":"ListItem","position":1,"name":"Blog","item":"https:\/\/www.callmewine.com\/blog\/"},{"@type":"ListItem","position":2,"name":"Wine &amp; Food","item":"https:\/\/www.callmewine.com\/blog\/category\/wine-food\/"},{"@type":"ListItem","position":3,"name":"Primi","item":"https:\/\/www.callmewine.com\/blog\/category\/wine-food\/piatti-primi\/"},{"@type":"ListItem","position":4,"name":"Abbinamento vino e Canederli"}]},{"@type":"WebSite","@id":"https:\/\/www.callmewine.com\/blog\/#website","url":"https:\/\/www.callmewine.com\/blog\/","name":"Callmewine Blog","description":"Il Blog di riferimento per il mondo del vino","publisher":{"@id":"https:\/\/www.callmewine.com\/blog\/#organization"},"potentialAction":[{"@type":"SearchAction","target":{"@type":"EntryPoint","urlTemplate":"https:\/\/www.callmewine.com\/blog\/?s={search_term_string}"},"query-input":"required name=search_term_string"}],"inLanguage":"it-IT"},{"@type":"Organization","@id":"https:\/\/www.callmewine.com\/blog\/#organization","name":"Callmewine","url":"https:\/\/www.callmewine.com\/blog\/","logo":{"@type":"ImageObject","inLanguage":"it-IT","@id":"https:\/\/www.callmewine.com\/blog\/#\/schema\/logo\/image\/","url":"https:\/\/www.callmewine.com\/blog\/wp-content\/uploads\/2022\/05\/logo.dcd0a122.png","contentUrl":"https:\/\/www.callmewine.com\/blog\/wp-content\/uploads\/2022\/05\/logo.dcd0a122.png","width":1080,"height":274,"caption":"Callmewine"},"image":{"@id":"https:\/\/www.callmewine.com\/blog\/#\/schema\/logo\/image\/"},"sameAs":["https:\/\/www.facebook.com\/Callmewine\/"]},{"@type":"Person","@id":"https:\/\/www.callmewine.com\/blog\/#\/schema\/person\/d523788987e4779127011837da268082","name":"Emma Cappa","image":{"@type":"ImageObject","inLanguage":"it-IT","@id":"https:\/\/www.callmewine.com\/blog\/#\/schema\/person\/image\/","url":"https:\/\/secure.gravatar.com\/avatar\/b762ebb8e4525f93635cf985eb525d7e?s=96&d=mm&r=g","contentUrl":"https:\/\/secure.gravatar.com\/avatar\/b762ebb8e4525f93635cf985eb525d7e?s=96&d=mm&r=g","caption":"Emma Cappa"}}]}},"jetpack_featured_media_url":"https:\/\/www.callmewine.com\/blog\/wp-content\/uploads\/2024\/03\/canederli-vino.jpg","_links":{"self":[{"href":"https:\/\/www.callmewine.com\/blog\/wp-json\/wp\/v2\/posts\/3047"}],"collection":[{"href":"https:\/\/www.callmewine.com\/blog\/wp-json\/wp\/v2\/posts"}],"about":[{"href":"https:\/\/www.callmewine.com\/blog\/wp-json\/wp\/v2\/types\/post"}],"author":[{"embeddable":true,"href":"https:\/\/www.callmewine.com\/blog\/wp-json\/wp\/v2\/users\/7"}],"replies":[{"embeddable":true,"href":"https:\/\/www.callmewine.com\/blog\/wp-json\/wp\/v2\/comments?post=3047"}],"version-history":[{"count":15,"href":"https:\/\/www.callmewine.com\/blog\/wp-json\/wp\/v2\/posts\/3047\/revisions"}],"predecessor-version":[{"id":3334,"href":"https:\/\/www.callmewine.com\/blog\/wp-json\/wp\/v2\/posts\/3047\/revisions\/3334"}],"wp:featuredmedia":[{"embeddable":true,"href":"https:\/\/www.callmewine.com\/blog\/wp-json\/wp\/v2\/media\/3049"}],"wp:attachment":[{"href":"https:\/\/www.callmewine.com\/blog\/wp-json\/wp\/v2\/media?parent=3047"}],"wp:term":[{"taxonomy":"category","embeddable":true,"href":"https:\/\/www.callmewine.com\/blog\/wp-json\/wp\/v2\/categories?post=3047"},{"taxonomy":"post_tag","embeddable":true,"href":"https:\/\/www.callmewine.com\/blog\/wp-json\/wp\/v2\/tags?post=3047"}],"curies":[{"name":"wp","href":"https:\/\/api.w.org\/{rel}","templated":true}]}}