{"id":4761,"date":"2025-09-10T16:51:32","date_gmt":"2025-09-10T14:51:32","guid":{"rendered":"https:\/\/www.callmewine.com\/blog\/?p=4761"},"modified":"2025-09-10T16:52:04","modified_gmt":"2025-09-10T14:52:04","slug":"fregola-sardegna-abbinamento-vini","status":"publish","type":"post","link":"https:\/\/www.callmewine.com\/blog\/wine-food\/food-tour\/fregola-sardegna-abbinamento-vini\/","title":{"rendered":"Un Viaggio nella Sardegna autentica attraverso la Fregola"},"content":{"rendered":"\n<div class=\"wp-block-group is-layout-constrained wp-block-group-is-layout-constrained\"><div class=\"wp-block-group__inner-container\">\n<div class=\"wp-block-group is-layout-constrained wp-block-group-is-layout-constrained\"><div class=\"wp-block-group__inner-container\">\n<p><span style=\"font-weight: 400;\">La fregola sarda (o &#8220;sa fregula&#8221;) \u00e8 molto pi\u00f9 di un semplice formato di pasta: \u00e8 un simbolo della tradizione gastronomica sarda, un ponte tra storia, territorio e identit\u00e0 culturale. Prodotta artigianalmente con semola di grano duro e acqua, la fregola si presenta come <strong>piccole sfere irregolari, tostate in forno, che raccontano una tecnica antica<\/strong> tramandata per generazioni. Diffusa soprattutto nella zona centro-meridionale dell&#8217;isola, la fregola \u00e8 oggi apprezzata in tutta Italia e anche all&#8217;estero, grazie alla sua consistenza unica e alla capacit\u00e0 di esaltare sapori decisi, specialmente quelli del mare. Oggi esploriamo la versione tradizionale sarda: la fregola con le arselle!<\/span><\/p>\n<\/div><\/div>\n\n\n\n<div id=\"prodotti-fregola\"><\/div>\n\n\n<div class=\"wp-block-wpzoom-recipe-card-block-recipe-card header-content-align-center block-alignment-center is-style-default\" id=\"wpzoom-recipe-card\"><div class=\"recipe-card-image\">\n\t\t\t\t<figure>\n\t\t\t\t\t<img loading=\"lazy\" width=\"800\" height=\"530\" src=\"https:\/\/www.callmewine.com\/blog\/wp-content\/uploads\/2025\/09\/Blog-fregola-e-arselle-800x530.png\" class=\"wpzoom-recipe-card-image\" alt=\"Ricetta Fregola con Arselle\" decoding=\"async\" id=\"4775\" \/>\n\t\t\t\t\t<figcaption>\n\t\t\t\t\t\t\n\t\t            <\/figcaption>\n\t\t\t\t<\/figure>\n\t\t\t<\/div>\n\t\t\t<div class=\"recipe-card-heading\">\n\t\t\t\t<h2 class=\"recipe-card-title\">Ricetta Fregola con Arselle<\/h2><\/div><div class=\"recipe-card-details\"><div class=\"details-items\"><div class=\"detail-item detail-item-0\"><span class=\"detail-item-icon oldicon oldicon-food\" style=\"color: #6d767f;\"><\/span><span class=\"detail-item-label\">Porzioni<\/span><p class=\"detail-item-value\">4<\/p><span class=\"detail-item-unit\">persone<\/span><\/div><div class=\"detail-item detail-item-1\"><span class=\"detail-item-icon oldicon oldicon-clock\" style=\"color: #6d767f;\"><\/span><span class=\"detail-item-label\">Preparazione<\/span><p class=\"detail-item-value\">30<\/p><span class=\"detail-item-unit\">minutes<\/span><\/div><div class=\"detail-item detail-item-2\"><span class=\"detail-item-icon foodicons foodicons-cooking-food-in-a-hot-casserole\" style=\"color: #6d767f;\"><\/span><span class=\"detail-item-label\">Cottura<\/span><p class=\"detail-item-value\">20<\/p><span class=\"detail-item-unit\">minutes<\/span><\/div><\/div><\/div><p class=\"recipe-card-summary no-print\">La ricetta della Fregola con le Arselle fatta dal team di Callmewine<\/p><div class=\"recipe-card-ingredients\"><h3 class=\"ingredients-title\">Ingredienti<\/h3><ul class=\"ingredients-list layout-1-column\"><li id=\"wpzoom-rcb-ingredient-item-62d5800aa9ec6\" class=\"ingredient-item\"><span class=\"tick-circle\"><\/span><p class=\"ingredient-item-name is-strikethrough-active\"><span class=\"wpzoom-rcb-ingredient-name\">300 g di fregola sarda<\/span><\/p><\/li><li id=\"wpzoom-rcb-ingredient-item-62d5800aa9ec7\" class=\"ingredient-item\"><span class=\"tick-circle\"><\/span><p class=\"ingredient-item-name is-strikethrough-active\"><span class=\"wpzoom-rcb-ingredient-name\">1 kg di arselle (vongole veraci)<\/span><\/p><\/li><li id=\"wpzoom-rcb-ingredient-item-62d5800aa9ec8\" class=\"ingredient-item\"><span class=\"tick-circle\"><\/span><p class=\"ingredient-item-name is-strikethrough-active\"><span class=\"wpzoom-rcb-ingredient-name\">2 spicchi d&#8217;aglio<\/span><\/p><\/li><li id=\"wpzoom-rcb-ingredient-item-1658159285566319\" class=\"ingredient-item\"><span class=\"tick-circle\"><\/span><p class=\"ingredient-item-name is-strikethrough-active\"><span class=\"wpzoom-rcb-ingredient-name\">300 g di pomodorini ciliegino<\/span><\/p><\/li><li id=\"wpzoom-rcb-ingredient-item-1674832449748103\" class=\"ingredient-item\"><span class=\"tick-circle\"><\/span><p class=\"ingredient-item-name is-strikethrough-active\"><span class=\"wpzoom-rcb-ingredient-name\">Prezzemolo fresco tritato<\/span><\/p><\/li><li id=\"wpzoom-rcb-ingredient-item-1688982553594280\" class=\"ingredient-item\"><span class=\"tick-circle\"><\/span><p class=\"ingredient-item-name is-strikethrough-active\"><span class=\"wpzoom-rcb-ingredient-name\">1 bicchiere di vino bianco secco<\/span><\/p><\/li><li id=\"wpzoom-rcb-ingredient-item-1739184449576394\" class=\"ingredient-item\"><span class=\"tick-circle\"><\/span><p class=\"ingredient-item-name is-strikethrough-active\"><span class=\"wpzoom-rcb-ingredient-name\">Olio extravergine di oliva (Sardo!)<\/span><\/p><\/li><li id=\"wpzoom-rcb-ingredient-item-1739184468300415\" class=\"ingredient-item\"><span class=\"tick-circle\"><\/span><p class=\"ingredient-item-name is-strikethrough-active\"><span class=\"wpzoom-rcb-ingredient-name\">Sale e pepe q.b.<\/span><\/p><\/li><li id=\"wpzoom-rcb-ingredient-item-1739184476912424\" class=\"ingredient-item\"><span class=\"tick-circle\"><\/span><p class=\"ingredient-item-name is-strikethrough-active\"><span class=\"wpzoom-rcb-ingredient-name\">Peperoncino q.b.<\/span><\/p><\/li><\/ul><\/div><div class=\"recipe-card-directions\"><h3 class=\"directions-title\"><strong>Preparazione<\/strong><\/h3><ul class=\"directions-list\"><li id=\"wpzoom-rcb-direction-step-62d5800aa9ec9\" class=\"direction-step\">Lascia le arselle in ammollo in acqua salata per 2-3 ore per eliminare la sabbia. Sciacqua bene sotto acqua corrente.<\/li><li id=\"wpzoom-rcb-direction-step-62d5800aa9eca\" class=\"direction-step\">In una padella capiente, fai soffriggere uno spicchio d&#8217;aglio con un filo d\u2019olio, aggiungi le arselle e sfuma con il vino bianco. Copri con un coperchio e attendi l&#8217;apertura dei molluschi. Filtra il liquido e tienilo da parte.<\/li><li id=\"wpzoom-rcb-direction-step-62d5800aa9ecb\" class=\"direction-step\">In un\u2019altra casseruola, rosola l\u2019altro spicchio d&#8217;aglio con un po\u2019 di olio e peperoncino. Aggiungi i pomodorini tagliati a met\u00e0 e cuoci per circa 10 minuti.<\/li><li id=\"wpzoom-rcb-direction-step-1739184554056473\" class=\"direction-step\">Unirsci la fregola al sugo, aggiungi il liquido filtrato delle arselle e, se necessario, dell&#8217;acqua calda. Cuoci a fuoco medio per circa 15-20 minuti, mescolando di tanto in tanto.<\/li><li id=\"wpzoom-rcb-direction-step-1739184571416482\" class=\"direction-step\">A fine cottura, aggiungi le arselle sgusciate (tenendone alcune con guscio per decorazione), il prezzemolo tritato e un filo d\u2019olio a crudo.<\/li><\/ul><\/div><script type=\"application\/ld+json\">{\"@context\":\"https:\\\/\\\/schema.org\",\"@type\":\"Recipe\",\"name\":\"Ricetta Fregola con Arselle\",\"image\":[\"https:\\\/\\\/www.callmewine.com\\\/blog\\\/wp-content\\\/uploads\\\/2025\\\/09\\\/Blog-fregola-e-arselle.png\",\"https:\\\/\\\/www.callmewine.com\\\/blog\\\/wp-content\\\/uploads\\\/2025\\\/09\\\/Blog-fregola-e-arselle-500x500.png\",\"https:\\\/\\\/www.callmewine.com\\\/blog\\\/wp-content\\\/uploads\\\/2025\\\/09\\\/Blog-fregola-e-arselle-500x375.png\",\"https:\\\/\\\/www.callmewine.com\\\/blog\\\/wp-content\\\/uploads\\\/2025\\\/09\\\/Blog-fregola-e-arselle-480x270.png\"],\"description\":\"La ricetta della Fregola con le Arselle fatta dal team di Callmewine\",\"keywords\":[],\"author\":{\"@type\":\"Person\",\"name\":\"Matteo Bosticco\"},\"datePublished\":\"2025-09-10T16:51:32+02:00\",\"prepTime\":\"PT30M\",\"cookTime\":\"PT20M\",\"totalTime\":\"PT50M\",\"recipeCategory\":[\"Food Tour\",\"Wine &amp; Food\"],\"recipeCuisine\":[],\"recipeYield\":[\"4\",\"4 persone\"],\"nutrition\":{\"@type\":\"NutritionInformation\"},\"recipeIngredient\":[\"300 g di fregola sarda\",\"1 kg di arselle (vongole veraci)\",\"2 spicchi d'aglio\",\"300 g di pomodorini ciliegino\",\"Prezzemolo fresco tritato\",\"1 bicchiere di vino bianco secco\",\"Olio extravergine di oliva (Sardo!)\",\"Sale e pepe q.b.\",\"Peperoncino q.b.\"],\"recipeInstructions\":[{\"@type\":\"HowToStep\",\"name\":\"Lascia le arselle in ammollo in acqua salata per 2-3 ore per eliminare la sabbia. Sciacqua bene sotto acqua corrente.\",\"text\":\"Lascia le arselle in ammollo in acqua salata per 2-3 ore per eliminare la sabbia. Sciacqua bene sotto acqua corrente.\",\"url\":\"https:\\\/\\\/www.callmewine.com\\\/blog\\\/wine-food\\\/food-tour\\\/fregola-sardegna-abbinamento-vini\\\/#wpzoom-rcb-direction-step-62d5800aa9ec9\",\"image\":\"\"},{\"@type\":\"HowToStep\",\"name\":\"In una padella capiente, fai soffriggere uno spicchio d'aglio con un filo d\u2019olio, aggiungi le arselle e sfuma con il vino bianco. Copri con un coperchio e attendi l'apertura dei molluschi. Filtra il liquido e tienilo da parte.\",\"text\":\"In una padella capiente, fai soffriggere uno spicchio d'aglio con un filo d\u2019olio, aggiungi le arselle e sfuma con il vino bianco. Copri con un coperchio e attendi l'apertura dei molluschi. Filtra il liquido e tienilo da parte.\",\"url\":\"https:\\\/\\\/www.callmewine.com\\\/blog\\\/wine-food\\\/food-tour\\\/fregola-sardegna-abbinamento-vini\\\/#wpzoom-rcb-direction-step-62d5800aa9eca\",\"image\":\"\"},{\"@type\":\"HowToStep\",\"name\":\"In un\u2019altra casseruola, rosola l\u2019altro spicchio d'aglio con un po\u2019 di olio e peperoncino. Aggiungi i pomodorini tagliati a met\u00e0 e cuoci per circa 10 minuti.\",\"text\":\"In un\u2019altra casseruola, rosola l\u2019altro spicchio d'aglio con un po\u2019 di olio e peperoncino. Aggiungi i pomodorini tagliati a met\u00e0 e cuoci per circa 10 minuti.\",\"url\":\"https:\\\/\\\/www.callmewine.com\\\/blog\\\/wine-food\\\/food-tour\\\/fregola-sardegna-abbinamento-vini\\\/#wpzoom-rcb-direction-step-62d5800aa9ecb\",\"image\":\"\"},{\"@type\":\"HowToStep\",\"name\":\"Unirsci la fregola al sugo, aggiungi il liquido filtrato delle arselle e, se necessario, dell'acqua calda. Cuoci a fuoco medio per circa 15-20 minuti, mescolando di tanto in tanto.\",\"text\":\"Unirsci la fregola al sugo, aggiungi il liquido filtrato delle arselle e, se necessario, dell'acqua calda. Cuoci a fuoco medio per circa 15-20 minuti, mescolando di tanto in tanto.\",\"url\":\"https:\\\/\\\/www.callmewine.com\\\/blog\\\/wine-food\\\/food-tour\\\/fregola-sardegna-abbinamento-vini\\\/#wpzoom-rcb-direction-step-1739184554056473\",\"image\":\"\"},{\"@type\":\"HowToStep\",\"name\":\"A fine cottura, aggiungi le arselle sgusciate (tenendone alcune con guscio per decorazione), il prezzemolo tritato e un filo d\u2019olio a crudo.\",\"text\":\"A fine cottura, aggiungi le arselle sgusciate (tenendone alcune con guscio per decorazione), il prezzemolo tritato e un filo d\u2019olio a crudo.\",\"url\":\"https:\\\/\\\/www.callmewine.com\\\/blog\\\/wine-food\\\/food-tour\\\/fregola-sardegna-abbinamento-vini\\\/#wpzoom-rcb-direction-step-1739184571416482\",\"image\":\"\"}]}<\/script><\/div>\n\n\n<h2 class=\"wp-block-heading\"><strong>Curiosit\u00e0, origini e valore culturale della Fregola Sarda<\/strong><\/h2>\n\n\n\n<p><span style=\"font-weight: 400;\">La fregola ha <strong>radici antichissime che risalgono al medioevo<\/strong>, se non prima. Documenti del 14\u00b0 secolo testimoniano la produzione di questo tipo di pasta nella zona del Campidano. Il suo nome deriva probabilmente dal latino <\/span><i><span style=\"font-weight: 400;\">ferculum<\/span><\/i><span style=\"font-weight: 400;\">, ovvero &#8220;briciola&#8221; o &#8220;frammento&#8221;. Tradizionalmente preparata a mano con un movimento circolare in un grande setaccio di terracotta, la fregola veniva poi tostata nel forno, una tecnica che ancora oggi conferisce il suo caratteristico sapore.<\/span><\/p>\n<p><span style=\"font-weight: 400;\">In Sardegna, ogni famiglia aveva il proprio metodo, tramandato oralmente di madre in figlia. Non era solo un cibo, ma un rito comunitario, spesso preparato in occasione di feste religiose o eventi familiari importanti.<\/span><\/p>\n<p><span style=\"font-weight: 400;\">La fregola rappresenta perfettamente <strong>l\u2019essenza della cucina sarda<\/strong>: semplice, rustica, profondamente legata alla terra e al mare. \u00c8 un piatto che parla di pastori, contadini, pescatori, di una Sardegna autentica e orgogliosa delle sue radici. Oggi, la fregola \u00e8 anche un simbolo di rinascita per l\u2019enogastronomia locale, spesso protagonista di eventi dedicati alla riscoperta dei prodotti tipici sardi.<\/span><\/p>\n\n\n\n<h2 class=\"wp-block-heading\"><strong>Abbinamenti vino e fregola sarda<\/strong><\/h2>\n\n\n\n<p><span style=\"font-weight: 400;\">Per esaltare il sapore marino e tostato della fregola con le arselle, l\u2019abbinamento ideale \u00e8 un <\/span><b>Vermentino di Sardegna DOC<\/b><span style=\"font-weight: 400;\">. Questo vino bianco, fresco, profumato e leggermente sapido, bilancia perfettamente la dolcezza delle arselle e la tostatura della fregola. In alternativa, si pu\u00f2 optare per un <\/span><b>Nuragus di Cagliari DOC<\/b><span style=\"font-weight: 400;\">, altro vino autoctono, dal profilo delicato e armonioso.<\/span><\/p>\n<p><span style=\"font-weight: 400;\">Che tu stia cercando un&#8217;idea per una cena speciale o voglia semplicemente scoprire i sapori veri di un\u2019isola unica, la fregola \u00e8 la scelta perfetta. Cucinarla \u00e8 un gesto d\u2019amore verso una terra che vive nei suoi piatti, nei suoi profumi e nelle sue storie<\/span><\/p>\n\n\n\n<p style=\"text-align: center;\"><strong>Potrebbe interessarti anche:<\/strong><\/p>\n<p><a href=\"https:\/\/www.callmewine.com\/blog\/wine-food\/food-tour\/vincisgrassi-marchigiani-il-re-della-pasta-al-forno-delle-marche\/\">Abbinamento Vincisgrassi<\/a> | <a href=\"https:\/\/www.callmewine.com\/blog\/wine-food\/piatti-primi\/spaghetti-alle-vongole\/\">Abbinamento Spaghetti alle Vongole<\/a>\u00a0| <a href=\"https:\/\/www.callmewine.com\/blog\/wine-food\/piatti-secondi\/abbinamento-vino-e-orata-al-forno\/\">Orata al forno<\/a> | <a href=\"https:\/\/www.callmewine.com\/vini-sardegna-M1R71.htm\">Vini Sardi<\/a> | <a href=\"https:\/\/www.callmewine.com\/vermentino-di-gallura-V421.htm\">Vermentino di Gallura<\/a> | <a href=\"https:\/\/www.callmewine.com\/cannonau-V47.htm\">Cannonau<\/a><\/p>\n<\/div><\/div>\n\n\n\n<p><\/p>\n","protected":false},"excerpt":{"rendered":"<p>Quale vino abbinare aila Fregola? Scopri i migliori vini, una ricetta con le arselle e tante curiosit\u00e0 con Callmewine<\/p>\n","protected":false},"author":8,"featured_media":4773,"comment_status":"closed","ping_status":"closed","sticky":false,"template":"","format":"standard","meta":{"footnotes":""},"categories":[9,15],"tags":[],"yoast_head":"<!-- This site is optimized with the Yoast SEO plugin v22.4 - https:\/\/yoast.com\/wordpress\/plugins\/seo\/ -->\n<title>Fregola: ricetta, curiosit\u00e0 e vini | Callmewine<\/title>\n<meta name=\"description\" content=\"Quale vino abbinare aila Fregola? Scopri i migliori vini, una ricetta con le arselle e tante curiosit\u00e0 con Callmewine\" \/>\n<meta name=\"robots\" content=\"index, follow, max-snippet:-1, max-image-preview:large, max-video-preview:-1\" \/>\n<link rel=\"canonical\" href=\"https:\/\/www.callmewine.com\/blog\/wine-food\/food-tour\/fregola-sardegna-abbinamento-vini\/\" \/>\n<meta property=\"og:locale\" content=\"it_IT\" \/>\n<meta property=\"og:type\" content=\"article\" \/>\n<meta property=\"og:title\" content=\"Fregola: ricetta, curiosit\u00e0 e vini | Callmewine\" \/>\n<meta property=\"og:description\" content=\"Quale vino abbinare aila Fregola? Scopri i migliori vini, una ricetta con le arselle e tante curiosit\u00e0 con Callmewine\" \/>\n<meta property=\"og:url\" content=\"https:\/\/www.callmewine.com\/blog\/wine-food\/food-tour\/fregola-sardegna-abbinamento-vini\/\" \/>\n<meta property=\"og:site_name\" content=\"Callmewine Blog\" \/>\n<meta property=\"article:publisher\" content=\"https:\/\/www.facebook.com\/Callmewine\/\" \/>\n<meta property=\"article:published_time\" content=\"2025-09-10T14:51:32+00:00\" \/>\n<meta property=\"article:modified_time\" content=\"2025-09-10T14:52:04+00:00\" \/>\n<meta property=\"og:image\" content=\"https:\/\/www.callmewine.com\/blog\/wp-content\/uploads\/2025\/09\/fregola-vongole.png\" \/>\n\t<meta property=\"og:image:width\" content=\"800\" \/>\n\t<meta property=\"og:image:height\" content=\"570\" \/>\n\t<meta property=\"og:image:type\" content=\"image\/png\" \/>\n<meta name=\"author\" content=\"Matteo Bosticco\" \/>\n<meta name=\"twitter:card\" content=\"summary_large_image\" \/>\n<meta name=\"twitter:label1\" content=\"Scritto da\" \/>\n\t<meta name=\"twitter:data1\" content=\"Matteo Bosticco\" \/>\n\t<meta name=\"twitter:label2\" content=\"Tempo di lettura stimato\" \/>\n\t<meta name=\"twitter:data2\" content=\"3 minuti\" \/>\n<script type=\"application\/ld+json\" class=\"yoast-schema-graph\">{\"@context\":\"https:\/\/schema.org\",\"@graph\":[{\"@type\":\"Article\",\"@id\":\"https:\/\/www.callmewine.com\/blog\/wine-food\/food-tour\/fregola-sardegna-abbinamento-vini\/#article\",\"isPartOf\":{\"@id\":\"https:\/\/www.callmewine.com\/blog\/wine-food\/food-tour\/fregola-sardegna-abbinamento-vini\/\"},\"author\":{\"name\":\"Matteo Bosticco\",\"@id\":\"https:\/\/www.callmewine.com\/blog\/#\/schema\/person\/9c24245d53df4adce9343a007c368ff4\"},\"headline\":\"Un Viaggio nella Sardegna autentica attraverso la Fregola\",\"datePublished\":\"2025-09-10T14:51:32+00:00\",\"dateModified\":\"2025-09-10T14:52:04+00:00\",\"mainEntityOfPage\":{\"@id\":\"https:\/\/www.callmewine.com\/blog\/wine-food\/food-tour\/fregola-sardegna-abbinamento-vini\/\"},\"wordCount\":403,\"publisher\":{\"@id\":\"https:\/\/www.callmewine.com\/blog\/#organization\"},\"image\":{\"@id\":\"https:\/\/www.callmewine.com\/blog\/wine-food\/food-tour\/fregola-sardegna-abbinamento-vini\/#primaryimage\"},\"thumbnailUrl\":\"https:\/\/www.callmewine.com\/blog\/wp-content\/uploads\/2025\/09\/fregola-vongole.png\",\"articleSection\":[\"Food Tour\",\"Wine &amp; Food\"],\"inLanguage\":\"it-IT\"},{\"@type\":\"WebPage\",\"@id\":\"https:\/\/www.callmewine.com\/blog\/wine-food\/food-tour\/fregola-sardegna-abbinamento-vini\/\",\"url\":\"https:\/\/www.callmewine.com\/blog\/wine-food\/food-tour\/fregola-sardegna-abbinamento-vini\/\",\"name\":\"Fregola: ricetta, curiosit\u00e0 e vini | Callmewine\",\"isPartOf\":{\"@id\":\"https:\/\/www.callmewine.com\/blog\/#website\"},\"primaryImageOfPage\":{\"@id\":\"https:\/\/www.callmewine.com\/blog\/wine-food\/food-tour\/fregola-sardegna-abbinamento-vini\/#primaryimage\"},\"image\":{\"@id\":\"https:\/\/www.callmewine.com\/blog\/wine-food\/food-tour\/fregola-sardegna-abbinamento-vini\/#primaryimage\"},\"thumbnailUrl\":\"https:\/\/www.callmewine.com\/blog\/wp-content\/uploads\/2025\/09\/fregola-vongole.png\",\"datePublished\":\"2025-09-10T14:51:32+00:00\",\"dateModified\":\"2025-09-10T14:52:04+00:00\",\"description\":\"Quale vino abbinare aila Fregola? Scopri i migliori vini, una ricetta con le arselle e tante curiosit\u00e0 con Callmewine\",\"breadcrumb\":{\"@id\":\"https:\/\/www.callmewine.com\/blog\/wine-food\/food-tour\/fregola-sardegna-abbinamento-vini\/#breadcrumb\"},\"inLanguage\":\"it-IT\",\"potentialAction\":[{\"@type\":\"ReadAction\",\"target\":[\"https:\/\/www.callmewine.com\/blog\/wine-food\/food-tour\/fregola-sardegna-abbinamento-vini\/\"]}]},{\"@type\":\"ImageObject\",\"inLanguage\":\"it-IT\",\"@id\":\"https:\/\/www.callmewine.com\/blog\/wine-food\/food-tour\/fregola-sardegna-abbinamento-vini\/#primaryimage\",\"url\":\"https:\/\/www.callmewine.com\/blog\/wp-content\/uploads\/2025\/09\/fregola-vongole.png\",\"contentUrl\":\"https:\/\/www.callmewine.com\/blog\/wp-content\/uploads\/2025\/09\/fregola-vongole.png\",\"width\":800,\"height\":570,\"caption\":\"Fregola con vongole nel piatto con logo food tour\"},{\"@type\":\"BreadcrumbList\",\"@id\":\"https:\/\/www.callmewine.com\/blog\/wine-food\/food-tour\/fregola-sardegna-abbinamento-vini\/#breadcrumb\",\"itemListElement\":[{\"@type\":\"ListItem\",\"position\":1,\"name\":\"Blog\",\"item\":\"https:\/\/www.callmewine.com\/blog\/\"},{\"@type\":\"ListItem\",\"position\":2,\"name\":\"Wine &amp; Food\",\"item\":\"https:\/\/www.callmewine.com\/blog\/category\/wine-food\/\"},{\"@type\":\"ListItem\",\"position\":3,\"name\":\"Food Tour\",\"item\":\"https:\/\/www.callmewine.com\/blog\/category\/wine-food\/food-tour\/\"},{\"@type\":\"ListItem\",\"position\":4,\"name\":\"Un Viaggio nella Sardegna autentica attraverso la Fregola\"}]},{\"@type\":\"WebSite\",\"@id\":\"https:\/\/www.callmewine.com\/blog\/#website\",\"url\":\"https:\/\/www.callmewine.com\/blog\/\",\"name\":\"Callmewine Blog\",\"description\":\"Il Blog di riferimento per il mondo del vino\",\"publisher\":{\"@id\":\"https:\/\/www.callmewine.com\/blog\/#organization\"},\"potentialAction\":[{\"@type\":\"SearchAction\",\"target\":{\"@type\":\"EntryPoint\",\"urlTemplate\":\"https:\/\/www.callmewine.com\/blog\/?s={search_term_string}\"},\"query-input\":\"required name=search_term_string\"}],\"inLanguage\":\"it-IT\"},{\"@type\":\"Organization\",\"@id\":\"https:\/\/www.callmewine.com\/blog\/#organization\",\"name\":\"Callmewine\",\"url\":\"https:\/\/www.callmewine.com\/blog\/\",\"logo\":{\"@type\":\"ImageObject\",\"inLanguage\":\"it-IT\",\"@id\":\"https:\/\/www.callmewine.com\/blog\/#\/schema\/logo\/image\/\",\"url\":\"https:\/\/www.callmewine.com\/blog\/wp-content\/uploads\/2022\/05\/logo.dcd0a122.png\",\"contentUrl\":\"https:\/\/www.callmewine.com\/blog\/wp-content\/uploads\/2022\/05\/logo.dcd0a122.png\",\"width\":1080,\"height\":274,\"caption\":\"Callmewine\"},\"image\":{\"@id\":\"https:\/\/www.callmewine.com\/blog\/#\/schema\/logo\/image\/\"},\"sameAs\":[\"https:\/\/www.facebook.com\/Callmewine\/\"]},{\"@type\":\"Person\",\"@id\":\"https:\/\/www.callmewine.com\/blog\/#\/schema\/person\/9c24245d53df4adce9343a007c368ff4\",\"name\":\"Matteo Bosticco\",\"image\":{\"@type\":\"ImageObject\",\"inLanguage\":\"it-IT\",\"@id\":\"https:\/\/www.callmewine.com\/blog\/#\/schema\/person\/image\/\",\"url\":\"https:\/\/secure.gravatar.com\/avatar\/895236d886a79a0d156f5ed49bdc267a?s=96&d=mm&r=g\",\"contentUrl\":\"https:\/\/secure.gravatar.com\/avatar\/895236d886a79a0d156f5ed49bdc267a?s=96&d=mm&r=g\",\"caption\":\"Matteo Bosticco\"}}]}<\/script>\n<!-- \/ Yoast SEO plugin. -->","yoast_head_json":{"title":"Fregola: ricetta, curiosit\u00e0 e vini | Callmewine","description":"Quale vino abbinare aila Fregola? Scopri i migliori vini, una ricetta con le arselle e tante curiosit\u00e0 con Callmewine","robots":{"index":"index","follow":"follow","max-snippet":"max-snippet:-1","max-image-preview":"max-image-preview:large","max-video-preview":"max-video-preview:-1"},"canonical":"https:\/\/www.callmewine.com\/blog\/wine-food\/food-tour\/fregola-sardegna-abbinamento-vini\/","og_locale":"it_IT","og_type":"article","og_title":"Fregola: ricetta, curiosit\u00e0 e vini | Callmewine","og_description":"Quale vino abbinare aila Fregola? Scopri i migliori vini, una ricetta con le arselle e tante curiosit\u00e0 con Callmewine","og_url":"https:\/\/www.callmewine.com\/blog\/wine-food\/food-tour\/fregola-sardegna-abbinamento-vini\/","og_site_name":"Callmewine Blog","article_publisher":"https:\/\/www.facebook.com\/Callmewine\/","article_published_time":"2025-09-10T14:51:32+00:00","article_modified_time":"2025-09-10T14:52:04+00:00","og_image":[{"width":800,"height":570,"url":"https:\/\/www.callmewine.com\/blog\/wp-content\/uploads\/2025\/09\/fregola-vongole.png","type":"image\/png"}],"author":"Matteo Bosticco","twitter_card":"summary_large_image","twitter_misc":{"Scritto da":"Matteo Bosticco","Tempo di lettura stimato":"3 minuti"},"schema":{"@context":"https:\/\/schema.org","@graph":[{"@type":"Article","@id":"https:\/\/www.callmewine.com\/blog\/wine-food\/food-tour\/fregola-sardegna-abbinamento-vini\/#article","isPartOf":{"@id":"https:\/\/www.callmewine.com\/blog\/wine-food\/food-tour\/fregola-sardegna-abbinamento-vini\/"},"author":{"name":"Matteo Bosticco","@id":"https:\/\/www.callmewine.com\/blog\/#\/schema\/person\/9c24245d53df4adce9343a007c368ff4"},"headline":"Un Viaggio nella Sardegna autentica attraverso la Fregola","datePublished":"2025-09-10T14:51:32+00:00","dateModified":"2025-09-10T14:52:04+00:00","mainEntityOfPage":{"@id":"https:\/\/www.callmewine.com\/blog\/wine-food\/food-tour\/fregola-sardegna-abbinamento-vini\/"},"wordCount":403,"publisher":{"@id":"https:\/\/www.callmewine.com\/blog\/#organization"},"image":{"@id":"https:\/\/www.callmewine.com\/blog\/wine-food\/food-tour\/fregola-sardegna-abbinamento-vini\/#primaryimage"},"thumbnailUrl":"https:\/\/www.callmewine.com\/blog\/wp-content\/uploads\/2025\/09\/fregola-vongole.png","articleSection":["Food Tour","Wine &amp; Food"],"inLanguage":"it-IT"},{"@type":"WebPage","@id":"https:\/\/www.callmewine.com\/blog\/wine-food\/food-tour\/fregola-sardegna-abbinamento-vini\/","url":"https:\/\/www.callmewine.com\/blog\/wine-food\/food-tour\/fregola-sardegna-abbinamento-vini\/","name":"Fregola: ricetta, curiosit\u00e0 e vini | Callmewine","isPartOf":{"@id":"https:\/\/www.callmewine.com\/blog\/#website"},"primaryImageOfPage":{"@id":"https:\/\/www.callmewine.com\/blog\/wine-food\/food-tour\/fregola-sardegna-abbinamento-vini\/#primaryimage"},"image":{"@id":"https:\/\/www.callmewine.com\/blog\/wine-food\/food-tour\/fregola-sardegna-abbinamento-vini\/#primaryimage"},"thumbnailUrl":"https:\/\/www.callmewine.com\/blog\/wp-content\/uploads\/2025\/09\/fregola-vongole.png","datePublished":"2025-09-10T14:51:32+00:00","dateModified":"2025-09-10T14:52:04+00:00","description":"Quale vino abbinare aila Fregola? Scopri i migliori vini, una ricetta con le arselle e tante curiosit\u00e0 con Callmewine","breadcrumb":{"@id":"https:\/\/www.callmewine.com\/blog\/wine-food\/food-tour\/fregola-sardegna-abbinamento-vini\/#breadcrumb"},"inLanguage":"it-IT","potentialAction":[{"@type":"ReadAction","target":["https:\/\/www.callmewine.com\/blog\/wine-food\/food-tour\/fregola-sardegna-abbinamento-vini\/"]}]},{"@type":"ImageObject","inLanguage":"it-IT","@id":"https:\/\/www.callmewine.com\/blog\/wine-food\/food-tour\/fregola-sardegna-abbinamento-vini\/#primaryimage","url":"https:\/\/www.callmewine.com\/blog\/wp-content\/uploads\/2025\/09\/fregola-vongole.png","contentUrl":"https:\/\/www.callmewine.com\/blog\/wp-content\/uploads\/2025\/09\/fregola-vongole.png","width":800,"height":570,"caption":"Fregola con vongole nel piatto con logo food tour"},{"@type":"BreadcrumbList","@id":"https:\/\/www.callmewine.com\/blog\/wine-food\/food-tour\/fregola-sardegna-abbinamento-vini\/#breadcrumb","itemListElement":[{"@type":"ListItem","position":1,"name":"Blog","item":"https:\/\/www.callmewine.com\/blog\/"},{"@type":"ListItem","position":2,"name":"Wine &amp; Food","item":"https:\/\/www.callmewine.com\/blog\/category\/wine-food\/"},{"@type":"ListItem","position":3,"name":"Food Tour","item":"https:\/\/www.callmewine.com\/blog\/category\/wine-food\/food-tour\/"},{"@type":"ListItem","position":4,"name":"Un Viaggio nella Sardegna autentica attraverso la Fregola"}]},{"@type":"WebSite","@id":"https:\/\/www.callmewine.com\/blog\/#website","url":"https:\/\/www.callmewine.com\/blog\/","name":"Callmewine Blog","description":"Il Blog di riferimento per il mondo del vino","publisher":{"@id":"https:\/\/www.callmewine.com\/blog\/#organization"},"potentialAction":[{"@type":"SearchAction","target":{"@type":"EntryPoint","urlTemplate":"https:\/\/www.callmewine.com\/blog\/?s={search_term_string}"},"query-input":"required name=search_term_string"}],"inLanguage":"it-IT"},{"@type":"Organization","@id":"https:\/\/www.callmewine.com\/blog\/#organization","name":"Callmewine","url":"https:\/\/www.callmewine.com\/blog\/","logo":{"@type":"ImageObject","inLanguage":"it-IT","@id":"https:\/\/www.callmewine.com\/blog\/#\/schema\/logo\/image\/","url":"https:\/\/www.callmewine.com\/blog\/wp-content\/uploads\/2022\/05\/logo.dcd0a122.png","contentUrl":"https:\/\/www.callmewine.com\/blog\/wp-content\/uploads\/2022\/05\/logo.dcd0a122.png","width":1080,"height":274,"caption":"Callmewine"},"image":{"@id":"https:\/\/www.callmewine.com\/blog\/#\/schema\/logo\/image\/"},"sameAs":["https:\/\/www.facebook.com\/Callmewine\/"]},{"@type":"Person","@id":"https:\/\/www.callmewine.com\/blog\/#\/schema\/person\/9c24245d53df4adce9343a007c368ff4","name":"Matteo Bosticco","image":{"@type":"ImageObject","inLanguage":"it-IT","@id":"https:\/\/www.callmewine.com\/blog\/#\/schema\/person\/image\/","url":"https:\/\/secure.gravatar.com\/avatar\/895236d886a79a0d156f5ed49bdc267a?s=96&d=mm&r=g","contentUrl":"https:\/\/secure.gravatar.com\/avatar\/895236d886a79a0d156f5ed49bdc267a?s=96&d=mm&r=g","caption":"Matteo Bosticco"}}]}},"jetpack_featured_media_url":"https:\/\/www.callmewine.com\/blog\/wp-content\/uploads\/2025\/09\/fregola-vongole.png","_links":{"self":[{"href":"https:\/\/www.callmewine.com\/blog\/wp-json\/wp\/v2\/posts\/4761"}],"collection":[{"href":"https:\/\/www.callmewine.com\/blog\/wp-json\/wp\/v2\/posts"}],"about":[{"href":"https:\/\/www.callmewine.com\/blog\/wp-json\/wp\/v2\/types\/post"}],"author":[{"embeddable":true,"href":"https:\/\/www.callmewine.com\/blog\/wp-json\/wp\/v2\/users\/8"}],"replies":[{"embeddable":true,"href":"https:\/\/www.callmewine.com\/blog\/wp-json\/wp\/v2\/comments?post=4761"}],"version-history":[{"count":13,"href":"https:\/\/www.callmewine.com\/blog\/wp-json\/wp\/v2\/posts\/4761\/revisions"}],"predecessor-version":[{"id":4784,"href":"https:\/\/www.callmewine.com\/blog\/wp-json\/wp\/v2\/posts\/4761\/revisions\/4784"}],"wp:featuredmedia":[{"embeddable":true,"href":"https:\/\/www.callmewine.com\/blog\/wp-json\/wp\/v2\/media\/4773"}],"wp:attachment":[{"href":"https:\/\/www.callmewine.com\/blog\/wp-json\/wp\/v2\/media?parent=4761"}],"wp:term":[{"taxonomy":"category","embeddable":true,"href":"https:\/\/www.callmewine.com\/blog\/wp-json\/wp\/v2\/categories?post=4761"},{"taxonomy":"post_tag","embeddable":true,"href":"https:\/\/www.callmewine.com\/blog\/wp-json\/wp\/v2\/tags?post=4761"}],"curies":[{"name":"wp","href":"https:\/\/api.w.org\/{rel}","templated":true}]}}