{"id":4806,"date":"2025-09-26T15:55:37","date_gmt":"2025-09-26T13:55:37","guid":{"rendered":"https:\/\/www.callmewine.com\/blog\/?p=4806"},"modified":"2025-12-09T14:22:05","modified_gmt":"2025-12-09T13:22:05","slug":"il-progetto-radiz","status":"publish","type":"post","link":"https:\/\/www.callmewine.com\/blog\/news-events\/il-progetto-radiz\/","title":{"rendered":"IL PROGETTO RADIZ"},"content":{"rendered":"\n<h3>Radiz \u00e8 una collaborazione tra i sommelier di Callmewine e gli enologi di Bortolomiol, Denavolo e Girlan.<\/h3>\n\n\n<div class=\"wp-block-image\">\n<figure class=\"aligncenter size-large\"><img decoding=\"async\" loading=\"lazy\" width=\"1024\" height=\"576\" src=\"https:\/\/www.callmewine.com\/blog\/wp-content\/uploads\/2025\/09\/radiz-1024x576.png\" alt=\"Radiz logo su campo bianco\" class=\"wp-image-4809\" srcset=\"https:\/\/www.callmewine.com\/blog\/wp-content\/uploads\/2025\/09\/radiz-1024x576.png 1024w, https:\/\/www.callmewine.com\/blog\/wp-content\/uploads\/2025\/09\/radiz-300x169.png 300w, https:\/\/www.callmewine.com\/blog\/wp-content\/uploads\/2025\/09\/radiz-768x432.png 768w, https:\/\/www.callmewine.com\/blog\/wp-content\/uploads\/2025\/09\/radiz-1536x864.png 1536w, https:\/\/www.callmewine.com\/blog\/wp-content\/uploads\/2025\/09\/radiz-750x422.png 750w, https:\/\/www.callmewine.com\/blog\/wp-content\/uploads\/2025\/09\/radiz-480x270.png 480w, https:\/\/www.callmewine.com\/blog\/wp-content\/uploads\/2025\/09\/radiz-1080x608.png 1080w, https:\/\/www.callmewine.com\/blog\/wp-content\/uploads\/2025\/09\/radiz.png 1920w\" sizes=\"(max-width: 1024px) 100vw, 1024px\" \/><\/figure><\/div>\n\n\n<p><span data-contrast=\"auto\"> Callmewine festeggia i suoi primi 15 anni e lancia <\/span><i><span data-contrast=\"auto\">Radiz<\/span><\/i><span data-contrast=\"auto\">, progetto innovativo nato direttamente in cantina: una collezione di bottiglie frutto della collaborazione tra i sommelier Callmewine e gli enologi di <\/span><b><span data-contrast=\"auto\">Bortolomiol<\/span><\/b><span data-contrast=\"auto\">, <\/span><b><span data-contrast=\"auto\">Denavolo<\/span><\/b><span data-contrast=\"auto\"> e <\/span><b><span data-contrast=\"auto\">Girlan<\/span><\/b><span data-contrast=\"auto\">, alcune tra le realt\u00e0 pi\u00f9 rappresentative del vino italiano.<\/span><span data-ccp-props=\"{&quot;201341983&quot;:0,&quot;335551550&quot;:6,&quot;335551620&quot;:6,&quot;335559740&quot;:288}\">&nbsp;<\/span><\/p>\n<p><span data-contrast=\"auto\">Nata nel 2010, Callmewine si \u00e8 imposta come una delle pi\u00f9 importanti piattaforme di e-commerce specializzate nella vendita di vini e distillati. Oggi \u00e8 tra i leader di mercato in Italia con oltre 140.000 clienti e un ampio catalogo di 9.000 etichette disponibili, che spaziano dai grandi nomi del panorama enologico mondiale a piccoli produttori artigianali. Un grande punto di forza \u00e8 da sempre l\u2019assistenza alla scelta offerta dai sommelier di Callmewine, che collaborano con i produttori e curano personalmente le schede tecniche di tutti i prodotti. Non solo informazioni utili per scegliere, ma anche per conoscere meglio il vino.<\/span><\/p>\n\n\n\n<p>Ed \u00e8 proprio dalla collaborazione tra i sommelier di Callmewine ed esperti enologi che sono nate le prime quattro etichette della linea Radiz, sotto un claim che riassume l&#8217;ideale centrale: <strong>zero regole, basso impatto, 100% vino<\/strong>. Un progetto che affonda le radici nella tradizione, ma guarda al futuro con una particolare attenzione alla <strong>sostenibilit\u00e0, pilastro fondante della strategia di crescita di Callmewine<\/strong>, che nel 2023 \u00e8 stato uno dei primi portali italiani di e-commerce a raggiungere la neutralit\u00e0 carbonica. &#8220;Radiz&#8221; \u00e8 radice e slancio allo stesso tempo: una forza che affonda nel passato, solida e radicata, ma che si intreccia con la vitalit\u00e0 del divenire. Racchiude il dialogo tra tradizione e modernit\u00e0, diventando simbolo di innovazione, evoluzione e contemporaneit\u00e0, senza mai dimenticare le proprie origini.<\/p>\n\n\n\n<figure class=\"wp-block-image size-large\"><img decoding=\"async\" loading=\"lazy\" width=\"1024\" height=\"576\" src=\"https:\/\/www.callmewine.com\/blog\/wp-content\/uploads\/2025\/09\/radiz-bottiglie-1024x576.png\" alt=\"\" class=\"wp-image-4813\" srcset=\"https:\/\/www.callmewine.com\/blog\/wp-content\/uploads\/2025\/09\/radiz-bottiglie-1024x576.png 1024w, https:\/\/www.callmewine.com\/blog\/wp-content\/uploads\/2025\/09\/radiz-bottiglie-300x169.png 300w, https:\/\/www.callmewine.com\/blog\/wp-content\/uploads\/2025\/09\/radiz-bottiglie-768x432.png 768w, https:\/\/www.callmewine.com\/blog\/wp-content\/uploads\/2025\/09\/radiz-bottiglie-1536x864.png 1536w, https:\/\/www.callmewine.com\/blog\/wp-content\/uploads\/2025\/09\/radiz-bottiglie-750x422.png 750w, https:\/\/www.callmewine.com\/blog\/wp-content\/uploads\/2025\/09\/radiz-bottiglie-480x270.png 480w, https:\/\/www.callmewine.com\/blog\/wp-content\/uploads\/2025\/09\/radiz-bottiglie-1080x608.png 1080w, https:\/\/www.callmewine.com\/blog\/wp-content\/uploads\/2025\/09\/radiz-bottiglie.png 1920w\" sizes=\"(max-width: 1024px) 100vw, 1024px\" \/><\/figure>\n\n\n\n<p>Ecco i 4 vini: il <b><span data-contrast=\"auto\">Prosecco di Valdobbiadene Radiz Bortolomiol 2024, <\/span><\/b><span data-contrast=\"auto\">uno spumante vivace e raffinato realizzato con la storica cantina Bortolomiol di Valdobbiadene, pioniera del Prosecco di qualit\u00e0 che d\u00e0 vita a spumanti raffinati e profondamente legati alle loro origini. Il <\/span><b><span data-contrast=\"auto\">\u2018Freevolo\u2019 Radiz Denavolo<\/span><\/b><span data-contrast=\"auto\">, un bianco genuino e rotondo da vecchie vigne sviluppato con Denavolo, realt\u00e0 artigianale situata sulle colline della Val Trebbia, autrice di espressioni rustiche e vive del territorio emiliano, frutto di coltivazioni rispettose e vinificazioni ancestrali. Dalla collaborazione con Girlan, cooperativa fondata nel 1923 in Alto Adige che \u00e8 oggi simbolo della regione e i cui vigneti regalano vini tipici, eleganti e ricchi di carattere, nascono il <\/span><b><span data-contrast=\"auto\">Gew\u00fcrztraminer &#8216;Ruzel&#8217; Radiz Girlan 2024<\/span><\/b><span data-contrast=\"auto\"> e il <\/span><b><span data-contrast=\"auto\">Sauvignon &#8216;Brinz&#8217; Radiz Girlan 2024<\/span><\/b><span data-contrast=\"auto\">. Il primo \u00e8 un vino aromatico e avvolgente,\u00a0 il secondo elegante e minerale, con note verdi di salvia e ortica, intrecciate ad agrumi.<\/span><span data-ccp-props=\"{&quot;201341983&quot;:0,&quot;335551550&quot;:6,&quot;335551620&quot;:6,&quot;335559740&quot;:288}\">\u00a0<\/span><\/p>\n<p>Il progetto<i><span data-contrast=\"auto\"> Radiz<\/span><\/i><span data-contrast=\"auto\"> guarda al mondo del vino con\u00a0 un approccio innovativo, tramite l\u2019esperienza e la visione dei sommelier di Callmewine, un regalo per il quindicesimo compleanno del portale e-commerce pi\u00f9 amato dagli appassionati di vino.\u00a0<\/span><\/p>\n","protected":false},"excerpt":{"rendered":"<p>Tutte le novit\u00e0 di Callmewine per celebrare un traguardo importante<\/p>\n","protected":false},"author":8,"featured_media":4905,"comment_status":"closed","ping_status":"closed","sticky":false,"template":"","format":"standard","meta":{"footnotes":""},"categories":[19],"tags":[],"yoast_head":"<!-- This site is optimized with the Yoast SEO plugin v22.4 - https:\/\/yoast.com\/wordpress\/plugins\/seo\/ -->\n<title>Radiz, l&#039;innovazione \u00e8 collaborazione | Callmewine<\/title>\n<meta name=\"description\" content=\"Per i suoi 15 anni Callmewine lancia Radiz e inaugura la linea di collaborazione con prestigiose cantine italiane\" \/>\n<meta name=\"robots\" content=\"index, follow, max-snippet:-1, max-image-preview:large, max-video-preview:-1\" \/>\n<link rel=\"canonical\" href=\"https:\/\/www.callmewine.com\/blog\/news-events\/il-progetto-radiz\/\" \/>\n<meta property=\"og:locale\" content=\"it_IT\" \/>\n<meta property=\"og:type\" content=\"article\" \/>\n<meta property=\"og:title\" content=\"Radiz, l&#039;innovazione \u00e8 collaborazione | Callmewine\" \/>\n<meta property=\"og:description\" content=\"Per i suoi 15 anni Callmewine lancia Radiz e inaugura la linea di collaborazione con prestigiose cantine italiane\" \/>\n<meta property=\"og:url\" content=\"https:\/\/www.callmewine.com\/blog\/news-events\/il-progetto-radiz\/\" \/>\n<meta property=\"og:site_name\" content=\"Callmewine Blog\" \/>\n<meta property=\"article:publisher\" content=\"https:\/\/www.facebook.com\/Callmewine\/\" \/>\n<meta property=\"article:published_time\" content=\"2025-09-26T13:55:37+00:00\" \/>\n<meta property=\"article:modified_time\" content=\"2025-12-09T13:22:05+00:00\" \/>\n<meta property=\"og:image\" content=\"https:\/\/www.callmewine.com\/blog\/wp-content\/uploads\/2025\/09\/radiz-1.png\" \/>\n\t<meta property=\"og:image:width\" content=\"800\" \/>\n\t<meta property=\"og:image:height\" content=\"570\" \/>\n\t<meta property=\"og:image:type\" content=\"image\/png\" \/>\n<meta name=\"author\" content=\"Matteo Bosticco\" \/>\n<meta name=\"twitter:card\" content=\"summary_large_image\" \/>\n<meta name=\"twitter:label1\" content=\"Scritto da\" \/>\n\t<meta name=\"twitter:data1\" content=\"Matteo Bosticco\" \/>\n\t<meta name=\"twitter:label2\" content=\"Tempo di lettura stimato\" \/>\n\t<meta name=\"twitter:data2\" content=\"4 minuti\" \/>\n<script type=\"application\/ld+json\" class=\"yoast-schema-graph\">{\"@context\":\"https:\/\/schema.org\",\"@graph\":[{\"@type\":\"Article\",\"@id\":\"https:\/\/www.callmewine.com\/blog\/news-events\/il-progetto-radiz\/#article\",\"isPartOf\":{\"@id\":\"https:\/\/www.callmewine.com\/blog\/news-events\/il-progetto-radiz\/\"},\"author\":{\"name\":\"Matteo Bosticco\",\"@id\":\"https:\/\/www.callmewine.com\/blog\/#\/schema\/person\/9c24245d53df4adce9343a007c368ff4\"},\"headline\":\"IL PROGETTO RADIZ\",\"datePublished\":\"2025-09-26T13:55:37+00:00\",\"dateModified\":\"2025-12-09T13:22:05+00:00\",\"mainEntityOfPage\":{\"@id\":\"https:\/\/www.callmewine.com\/blog\/news-events\/il-progetto-radiz\/\"},\"wordCount\":455,\"publisher\":{\"@id\":\"https:\/\/www.callmewine.com\/blog\/#organization\"},\"image\":{\"@id\":\"https:\/\/www.callmewine.com\/blog\/news-events\/il-progetto-radiz\/#primaryimage\"},\"thumbnailUrl\":\"https:\/\/www.callmewine.com\/blog\/wp-content\/uploads\/2025\/09\/radiz-1.png\",\"articleSection\":[\"News &amp; Events\"],\"inLanguage\":\"it-IT\"},{\"@type\":\"WebPage\",\"@id\":\"https:\/\/www.callmewine.com\/blog\/news-events\/il-progetto-radiz\/\",\"url\":\"https:\/\/www.callmewine.com\/blog\/news-events\/il-progetto-radiz\/\",\"name\":\"Radiz, l'innovazione \u00e8 collaborazione | Callmewine\",\"isPartOf\":{\"@id\":\"https:\/\/www.callmewine.com\/blog\/#website\"},\"primaryImageOfPage\":{\"@id\":\"https:\/\/www.callmewine.com\/blog\/news-events\/il-progetto-radiz\/#primaryimage\"},\"image\":{\"@id\":\"https:\/\/www.callmewine.com\/blog\/news-events\/il-progetto-radiz\/#primaryimage\"},\"thumbnailUrl\":\"https:\/\/www.callmewine.com\/blog\/wp-content\/uploads\/2025\/09\/radiz-1.png\",\"datePublished\":\"2025-09-26T13:55:37+00:00\",\"dateModified\":\"2025-12-09T13:22:05+00:00\",\"description\":\"Per i suoi 15 anni Callmewine lancia Radiz e inaugura la linea di collaborazione con prestigiose cantine italiane\",\"breadcrumb\":{\"@id\":\"https:\/\/www.callmewine.com\/blog\/news-events\/il-progetto-radiz\/#breadcrumb\"},\"inLanguage\":\"it-IT\",\"potentialAction\":[{\"@type\":\"ReadAction\",\"target\":[\"https:\/\/www.callmewine.com\/blog\/news-events\/il-progetto-radiz\/\"]}]},{\"@type\":\"ImageObject\",\"inLanguage\":\"it-IT\",\"@id\":\"https:\/\/www.callmewine.com\/blog\/news-events\/il-progetto-radiz\/#primaryimage\",\"url\":\"https:\/\/www.callmewine.com\/blog\/wp-content\/uploads\/2025\/09\/radiz-1.png\",\"contentUrl\":\"https:\/\/www.callmewine.com\/blog\/wp-content\/uploads\/2025\/09\/radiz-1.png\",\"width\":800,\"height\":570,\"caption\":\"La linea radiz di Callmewine con logo blog\"},{\"@type\":\"BreadcrumbList\",\"@id\":\"https:\/\/www.callmewine.com\/blog\/news-events\/il-progetto-radiz\/#breadcrumb\",\"itemListElement\":[{\"@type\":\"ListItem\",\"position\":1,\"name\":\"Blog\",\"item\":\"https:\/\/www.callmewine.com\/blog\/\"},{\"@type\":\"ListItem\",\"position\":2,\"name\":\"News &amp; Events\",\"item\":\"https:\/\/www.callmewine.com\/blog\/category\/news-events\/\"},{\"@type\":\"ListItem\",\"position\":3,\"name\":\"IL PROGETTO RADIZ\"}]},{\"@type\":\"WebSite\",\"@id\":\"https:\/\/www.callmewine.com\/blog\/#website\",\"url\":\"https:\/\/www.callmewine.com\/blog\/\",\"name\":\"Callmewine Blog\",\"description\":\"Il Blog di riferimento per il mondo del vino\",\"publisher\":{\"@id\":\"https:\/\/www.callmewine.com\/blog\/#organization\"},\"potentialAction\":[{\"@type\":\"SearchAction\",\"target\":{\"@type\":\"EntryPoint\",\"urlTemplate\":\"https:\/\/www.callmewine.com\/blog\/?s={search_term_string}\"},\"query-input\":\"required name=search_term_string\"}],\"inLanguage\":\"it-IT\"},{\"@type\":\"Organization\",\"@id\":\"https:\/\/www.callmewine.com\/blog\/#organization\",\"name\":\"Callmewine\",\"url\":\"https:\/\/www.callmewine.com\/blog\/\",\"logo\":{\"@type\":\"ImageObject\",\"inLanguage\":\"it-IT\",\"@id\":\"https:\/\/www.callmewine.com\/blog\/#\/schema\/logo\/image\/\",\"url\":\"https:\/\/www.callmewine.com\/blog\/wp-content\/uploads\/2022\/05\/logo.dcd0a122.png\",\"contentUrl\":\"https:\/\/www.callmewine.com\/blog\/wp-content\/uploads\/2022\/05\/logo.dcd0a122.png\",\"width\":1080,\"height\":274,\"caption\":\"Callmewine\"},\"image\":{\"@id\":\"https:\/\/www.callmewine.com\/blog\/#\/schema\/logo\/image\/\"},\"sameAs\":[\"https:\/\/www.facebook.com\/Callmewine\/\"]},{\"@type\":\"Person\",\"@id\":\"https:\/\/www.callmewine.com\/blog\/#\/schema\/person\/9c24245d53df4adce9343a007c368ff4\",\"name\":\"Matteo Bosticco\",\"image\":{\"@type\":\"ImageObject\",\"inLanguage\":\"it-IT\",\"@id\":\"https:\/\/www.callmewine.com\/blog\/#\/schema\/person\/image\/\",\"url\":\"https:\/\/secure.gravatar.com\/avatar\/895236d886a79a0d156f5ed49bdc267a?s=96&d=mm&r=g\",\"contentUrl\":\"https:\/\/secure.gravatar.com\/avatar\/895236d886a79a0d156f5ed49bdc267a?s=96&d=mm&r=g\",\"caption\":\"Matteo Bosticco\"}}]}<\/script>\n<!-- \/ Yoast SEO plugin. -->","yoast_head_json":{"title":"Radiz, l'innovazione \u00e8 collaborazione | Callmewine","description":"Per i suoi 15 anni Callmewine lancia Radiz e inaugura la linea di collaborazione con prestigiose cantine italiane","robots":{"index":"index","follow":"follow","max-snippet":"max-snippet:-1","max-image-preview":"max-image-preview:large","max-video-preview":"max-video-preview:-1"},"canonical":"https:\/\/www.callmewine.com\/blog\/news-events\/il-progetto-radiz\/","og_locale":"it_IT","og_type":"article","og_title":"Radiz, l'innovazione \u00e8 collaborazione | Callmewine","og_description":"Per i suoi 15 anni Callmewine lancia Radiz e inaugura la linea di collaborazione con prestigiose cantine italiane","og_url":"https:\/\/www.callmewine.com\/blog\/news-events\/il-progetto-radiz\/","og_site_name":"Callmewine Blog","article_publisher":"https:\/\/www.facebook.com\/Callmewine\/","article_published_time":"2025-09-26T13:55:37+00:00","article_modified_time":"2025-12-09T13:22:05+00:00","og_image":[{"width":800,"height":570,"url":"https:\/\/www.callmewine.com\/blog\/wp-content\/uploads\/2025\/09\/radiz-1.png","type":"image\/png"}],"author":"Matteo Bosticco","twitter_card":"summary_large_image","twitter_misc":{"Scritto da":"Matteo Bosticco","Tempo di lettura stimato":"4 minuti"},"schema":{"@context":"https:\/\/schema.org","@graph":[{"@type":"Article","@id":"https:\/\/www.callmewine.com\/blog\/news-events\/il-progetto-radiz\/#article","isPartOf":{"@id":"https:\/\/www.callmewine.com\/blog\/news-events\/il-progetto-radiz\/"},"author":{"name":"Matteo Bosticco","@id":"https:\/\/www.callmewine.com\/blog\/#\/schema\/person\/9c24245d53df4adce9343a007c368ff4"},"headline":"IL PROGETTO RADIZ","datePublished":"2025-09-26T13:55:37+00:00","dateModified":"2025-12-09T13:22:05+00:00","mainEntityOfPage":{"@id":"https:\/\/www.callmewine.com\/blog\/news-events\/il-progetto-radiz\/"},"wordCount":455,"publisher":{"@id":"https:\/\/www.callmewine.com\/blog\/#organization"},"image":{"@id":"https:\/\/www.callmewine.com\/blog\/news-events\/il-progetto-radiz\/#primaryimage"},"thumbnailUrl":"https:\/\/www.callmewine.com\/blog\/wp-content\/uploads\/2025\/09\/radiz-1.png","articleSection":["News &amp; Events"],"inLanguage":"it-IT"},{"@type":"WebPage","@id":"https:\/\/www.callmewine.com\/blog\/news-events\/il-progetto-radiz\/","url":"https:\/\/www.callmewine.com\/blog\/news-events\/il-progetto-radiz\/","name":"Radiz, l'innovazione \u00e8 collaborazione | Callmewine","isPartOf":{"@id":"https:\/\/www.callmewine.com\/blog\/#website"},"primaryImageOfPage":{"@id":"https:\/\/www.callmewine.com\/blog\/news-events\/il-progetto-radiz\/#primaryimage"},"image":{"@id":"https:\/\/www.callmewine.com\/blog\/news-events\/il-progetto-radiz\/#primaryimage"},"thumbnailUrl":"https:\/\/www.callmewine.com\/blog\/wp-content\/uploads\/2025\/09\/radiz-1.png","datePublished":"2025-09-26T13:55:37+00:00","dateModified":"2025-12-09T13:22:05+00:00","description":"Per i suoi 15 anni Callmewine lancia Radiz e inaugura la linea di collaborazione con prestigiose cantine italiane","breadcrumb":{"@id":"https:\/\/www.callmewine.com\/blog\/news-events\/il-progetto-radiz\/#breadcrumb"},"inLanguage":"it-IT","potentialAction":[{"@type":"ReadAction","target":["https:\/\/www.callmewine.com\/blog\/news-events\/il-progetto-radiz\/"]}]},{"@type":"ImageObject","inLanguage":"it-IT","@id":"https:\/\/www.callmewine.com\/blog\/news-events\/il-progetto-radiz\/#primaryimage","url":"https:\/\/www.callmewine.com\/blog\/wp-content\/uploads\/2025\/09\/radiz-1.png","contentUrl":"https:\/\/www.callmewine.com\/blog\/wp-content\/uploads\/2025\/09\/radiz-1.png","width":800,"height":570,"caption":"La linea radiz di Callmewine con logo blog"},{"@type":"BreadcrumbList","@id":"https:\/\/www.callmewine.com\/blog\/news-events\/il-progetto-radiz\/#breadcrumb","itemListElement":[{"@type":"ListItem","position":1,"name":"Blog","item":"https:\/\/www.callmewine.com\/blog\/"},{"@type":"ListItem","position":2,"name":"News &amp; Events","item":"https:\/\/www.callmewine.com\/blog\/category\/news-events\/"},{"@type":"ListItem","position":3,"name":"IL PROGETTO RADIZ"}]},{"@type":"WebSite","@id":"https:\/\/www.callmewine.com\/blog\/#website","url":"https:\/\/www.callmewine.com\/blog\/","name":"Callmewine Blog","description":"Il Blog di riferimento per il mondo del vino","publisher":{"@id":"https:\/\/www.callmewine.com\/blog\/#organization"},"potentialAction":[{"@type":"SearchAction","target":{"@type":"EntryPoint","urlTemplate":"https:\/\/www.callmewine.com\/blog\/?s={search_term_string}"},"query-input":"required name=search_term_string"}],"inLanguage":"it-IT"},{"@type":"Organization","@id":"https:\/\/www.callmewine.com\/blog\/#organization","name":"Callmewine","url":"https:\/\/www.callmewine.com\/blog\/","logo":{"@type":"ImageObject","inLanguage":"it-IT","@id":"https:\/\/www.callmewine.com\/blog\/#\/schema\/logo\/image\/","url":"https:\/\/www.callmewine.com\/blog\/wp-content\/uploads\/2022\/05\/logo.dcd0a122.png","contentUrl":"https:\/\/www.callmewine.com\/blog\/wp-content\/uploads\/2022\/05\/logo.dcd0a122.png","width":1080,"height":274,"caption":"Callmewine"},"image":{"@id":"https:\/\/www.callmewine.com\/blog\/#\/schema\/logo\/image\/"},"sameAs":["https:\/\/www.facebook.com\/Callmewine\/"]},{"@type":"Person","@id":"https:\/\/www.callmewine.com\/blog\/#\/schema\/person\/9c24245d53df4adce9343a007c368ff4","name":"Matteo Bosticco","image":{"@type":"ImageObject","inLanguage":"it-IT","@id":"https:\/\/www.callmewine.com\/blog\/#\/schema\/person\/image\/","url":"https:\/\/secure.gravatar.com\/avatar\/895236d886a79a0d156f5ed49bdc267a?s=96&d=mm&r=g","contentUrl":"https:\/\/secure.gravatar.com\/avatar\/895236d886a79a0d156f5ed49bdc267a?s=96&d=mm&r=g","caption":"Matteo Bosticco"}}]}},"jetpack_featured_media_url":"https:\/\/www.callmewine.com\/blog\/wp-content\/uploads\/2025\/09\/radiz-1.png","_links":{"self":[{"href":"https:\/\/www.callmewine.com\/blog\/wp-json\/wp\/v2\/posts\/4806"}],"collection":[{"href":"https:\/\/www.callmewine.com\/blog\/wp-json\/wp\/v2\/posts"}],"about":[{"href":"https:\/\/www.callmewine.com\/blog\/wp-json\/wp\/v2\/types\/post"}],"author":[{"embeddable":true,"href":"https:\/\/www.callmewine.com\/blog\/wp-json\/wp\/v2\/users\/8"}],"replies":[{"embeddable":true,"href":"https:\/\/www.callmewine.com\/blog\/wp-json\/wp\/v2\/comments?post=4806"}],"version-history":[{"count":12,"href":"https:\/\/www.callmewine.com\/blog\/wp-json\/wp\/v2\/posts\/4806\/revisions"}],"predecessor-version":[{"id":4821,"href":"https:\/\/www.callmewine.com\/blog\/wp-json\/wp\/v2\/posts\/4806\/revisions\/4821"}],"wp:featuredmedia":[{"embeddable":true,"href":"https:\/\/www.callmewine.com\/blog\/wp-json\/wp\/v2\/media\/4905"}],"wp:attachment":[{"href":"https:\/\/www.callmewine.com\/blog\/wp-json\/wp\/v2\/media?parent=4806"}],"wp:term":[{"taxonomy":"category","embeddable":true,"href":"https:\/\/www.callmewine.com\/blog\/wp-json\/wp\/v2\/categories?post=4806"},{"taxonomy":"post_tag","embeddable":true,"href":"https:\/\/www.callmewine.com\/blog\/wp-json\/wp\/v2\/tags?post=4806"}],"curies":[{"name":"wp","href":"https:\/\/api.w.org\/{rel}","templated":true}]}}