{"id":5324,"date":"2026-09-02T16:30:59","date_gmt":"2026-09-02T14:30:59","guid":{"rendered":"https:\/\/www.callmewine.com\/blog\/?p=5324"},"modified":"2026-09-02T16:31:27","modified_gmt":"2026-09-02T14:31:27","slug":"ciclo-della-vite","status":"publish","type":"post","link":"https:\/\/www.callmewine.com\/blog\/focus\/ciclo-della-vite\/","title":{"rendered":"Ciclo della Vite: le Fasi Fenologiche Mese per Mese"},"content":{"rendered":"<p>Un calice di vino ha il sapore di una stagione intera, di un lungo viaggio biologico che la pianta compie anno dopo anno, guidata dalle mani esperte del viticoltore.<\/p>\n<p>Comprendere come cresce e si sviluppa la vite permette di apprezzare ancora di pi\u00f9 ci\u00f2 che versiamo nel bicchiere. In questa guida esploreremo il ciclo di vita e le fasi fenologiche della vite, scoprendo quando si pianta, come viene potata e quanto tempo occorre per ottenere un&#8217;uva da cui produrre vino di grande qualit\u00e0.<\/p>\n\n\n<figure class=\"wp-block-image size-large\"><img loading=\"lazy\" decoding=\"async\" width=\"1024\" height=\"576\" src=\"https:\/\/www.callmewine.com\/blog\/wp-content\/uploads\/2026\/03\/eta-viti-foglie-1024x576.png\" alt=\"sezione di tronco di vite vecchia\" class=\"wp-image-5073\" srcset=\"https:\/\/www.callmewine.com\/blog\/wp-content\/uploads\/2026\/03\/eta-viti-foglie-1024x576.png 1024w, https:\/\/www.callmewine.com\/blog\/wp-content\/uploads\/2026\/03\/eta-viti-foglie-300x169.png 300w, https:\/\/www.callmewine.com\/blog\/wp-content\/uploads\/2026\/03\/eta-viti-foglie-768x432.png 768w, https:\/\/www.callmewine.com\/blog\/wp-content\/uploads\/2026\/03\/eta-viti-foglie-1536x864.png 1536w, https:\/\/www.callmewine.com\/blog\/wp-content\/uploads\/2026\/03\/eta-viti-foglie-750x422.png 750w, https:\/\/www.callmewine.com\/blog\/wp-content\/uploads\/2026\/03\/eta-viti-foglie-480x270.png 480w, https:\/\/www.callmewine.com\/blog\/wp-content\/uploads\/2026\/03\/eta-viti-foglie-1080x608.png 1080w, https:\/\/www.callmewine.com\/blog\/wp-content\/uploads\/2026\/03\/eta-viti-foglie.png 1920w\" sizes=\"auto, (max-width: 1024px) 100vw, 1024px\" \/><\/figure>\n\n\n\n<h2 class=\"wp-block-heading\"><strong>Cos&#8217;\u00e8 il ciclo vegetativo della vite?<\/strong><\/h2>\n\n\n<p><span style=\"font-weight: 400;\">Quando si parla di crescita della vite \u00e8 utile distinguere tre &#8220;orologi&#8221; che scorrono su tempi diversi:\u00a0<\/span><\/p>\n<ul>\n<li style=\"font-weight: 400;\" aria-level=\"1\"><span style=\"font-weight: 400;\">il <\/span><b>ciclo vegetativo<\/b><span style=\"font-weight: 400;\"> \u00e8 annuale: raccoglie tutto ci\u00f2 che la pianta fa in un anno solare, dal risveglio primaverile al riposo invernale \u2014 germogli, foglie, indurimento dei tralci e caduta del fogliame \u2014 e si ripete uguale ogni stagione;<\/span><\/li>\n<li style=\"font-weight: 400;\" aria-level=\"1\"><span style=\"font-weight: 400;\">il <\/span><b>ciclo riproduttivo<\/b><span style=\"font-weight: 400;\"> \u00e8 quello che porta al frutto (fioritura, fecondazione, formazione e maturazione dei grappoli): corre insieme a quello vegetativo, ma segue una logica pi\u00f9 lunga, perch\u00e9 per un grappolo servono in realt\u00e0 due stagioni consecutive;<\/span><\/li>\n<li style=\"font-weight: 400;\" aria-level=\"1\"><span style=\"font-weight: 400;\">il <\/span><b>ciclo vitale<\/b><span style=\"font-weight: 400;\">, infine, \u00e8 decennale: abbraccia l&#8217;intera esistenza della pianta, dalla messa a dimora alla vecchiaia, ed \u00e8 ci\u00f2 che spiega perch\u00e9 una vite giovane e una storica danno uve cos\u00ec diverse. <\/span><\/li>\n<\/ul>\n\n\n<h2 class=\"wp-block-heading\"><strong>Le fasi fenologiche della vite mese per mese<\/strong><\/h2>\n\n\n<p><span style=\"font-weight: 400;\">Le fasi fenologiche sono i momenti chiave che segnano la crescita della vite al ritmo delle stagioni. Per descriverle in modo univoco, i tecnici usano da decenni delle &#8220;scale&#8221; codificate: la storica <\/span><b>Baggiolini<\/b><span style=\"font-weight: 400;\"> (1952), con lettere dalla A alla N; quella di <\/span><b>Eichhorn-Lorenz<\/b><span style=\"font-weight: 400;\">, pi\u00f9 numerica e dettagliata; e la <\/span><b>BBCH<\/b><span style=\"font-weight: 400;\">, oggi standard internazionale, con un codice a due cifre. Tre linguaggi diversi per gli stessi passaggi: <\/span><\/p>\n<p>&nbsp;<\/p>\n\n\n<figure class=\"wp-block-table\"><table class=\"has-fixed-layout\"><tbody><tr><td><strong>Fase<\/strong><\/td><td><strong>Baggiolini<\/strong><\/td><td><strong>Eichhorn-Lorenz<\/strong><\/td><td><strong>BBCH<\/strong><\/td><\/tr><tr><td>Gemma invernale (dormienza)<\/td><td>A<\/td><td>1<\/td><td>00<\/td><\/tr><tr><td>Germogliamento (punta verde)<\/td><td>C<\/td><td>4<\/td><td>09<\/td><\/tr><tr><td>Sviluppo delle foglie<\/td><td>D-E<\/td><td>7-12<\/td><td>11-15<\/td><\/tr><tr><td>Grappoli visibili e separati<\/td><td>F-H<\/td><td>12-17<\/td><td>53-57<\/td><\/tr><tr><td>Fioritura<\/td><td>I<\/td><td>19-26<\/td><td>61-69<\/td><\/tr><tr><td>Allegagione<\/td><td>J<\/td><td>27<\/td><td>71<\/td><\/tr><tr><td>Accrescimento acini e chiusura grappolo<\/td><td>K-L<\/td><td>29-33<\/td><td>73-79<\/td><\/tr><tr><td>Invaiatura<\/td><td>M<\/td><td>35<\/td><td>81-85<\/td><\/tr><tr><td>Maturazione e vendemmia<\/td><td>N<\/td><td>38<\/td><td>89<\/td><\/tr><tr><td>Riposo e caduta delle foglie<\/td><td>&#8211;<\/td><td>43-47<\/td><td>93-97<\/td><\/tr><\/tbody><\/table><\/figure>\n\n\n\n<h2 class=\"wp-block-heading\"><strong>Germogliamento e ripresa vegetativa<\/strong><\/h2>\n\n\n<p><span style=\"font-weight: 400;\">Tra marzo e aprile, con l&#8217;innalzarsi delle temperature, la vite si risveglia dal sonno invernale. La ripartenza scatta quando si supera il cosiddetto <\/span><b>zero vegetativo, intorno ai 10\u00b0C<\/b><span style=\"font-weight: 400;\">: sotto questa soglia la pianta resta in riposo.<\/span><\/p>\n<ul>\n<li style=\"font-weight: 400;\" aria-level=\"1\"><i><span style=\"font-weight: 400;\">Il &#8220;pianto&#8221; della vite<\/span><\/i><span style=\"font-weight: 400;\">: la prima manifestazione visibile del risveglio \u00e8 la fuoriuscita di gocce di linfa dai tagli della potatura invernale;<\/span><\/li>\n<li style=\"font-weight: 400;\" aria-level=\"1\"><i><span style=\"font-weight: 400;\">Germogliamento<\/span><\/i><span style=\"font-weight: 400;\">: subito dopo le gemme iniziano a gonfiarsi e ad aprirsi, dando vita ai primi germogli verdi e alle foglioline.<\/span><\/li>\n<\/ul>\n<p><span style=\"font-weight: 400;\">\u00c8 la fase pi\u00f9 delicata dell&#8217;anno: i giovani germogli sono teneri e ricchi d&#8217;acqua, e una <\/span><b>gelata tardiva<\/b><span style=\"font-weight: 400;\"> (una brinata primaverile dopo il germogliamento) pu\u00f2 bruciarli in una sola notte, compromettendo gran parte del raccolto.<\/span><\/p>\n\n\n<h2 class=\"wp-block-heading\"><strong>Fioritura e allegagione<\/strong><\/h2>\n\n\n<p><span style=\"font-weight: 400;\">Tra maggio e giugno la vigna entra nel vivo della sua fase riproduttiva.<\/span><\/p>\n<ul>\n<li style=\"font-weight: 400;\" aria-level=\"1\"><i><span style=\"font-weight: 400;\">Fioritura<\/span><\/i><span style=\"font-weight: 400;\">: sulle infiorescenze compaiono piccoli fiori ermafroditi, ovvero che contengono gli organi riproduttivi sia maschili che femminili, impollinati principalmente grazie al vento;<\/span><\/li>\n<li style=\"font-weight: 400;\" aria-level=\"1\"><i><span style=\"font-weight: 400;\">Allegagione (giugno)<\/span><\/i><span style=\"font-weight: 400;\">: il fiore fecondato si trasforma nel vero e proprio frutto. I petali cadono e lasciano il posto a piccolissimi acini verdi.<\/span><\/li>\n<\/ul>\n<p><span style=\"font-weight: 400;\">Anche qui il clima \u00e8 decisivo: pioggia, freddo o vento durante la fioritura ostacolano l&#8217;impollinazione e possono causare <\/span><b>colatura<\/b><span style=\"font-weight: 400;\"> (i fiori non allegano e cadono, riducendo il numero di acini) o <\/span><b>acinellatura<\/b><span style=\"font-weight: 400;\"> (acini che restano piccoli e disomogenei), con grappoli pi\u00f9 radi e irregolari.<\/span><\/p>\n\n\n<h3 class=\"wp-block-heading\"><strong><strong>Che cos&#8217;\u00e8 l&#8217;allegagione?<\/strong><\/strong><\/h3>\n\n\n<p><span style=\"font-weight: 400;\">Si tratta di una fase cruciale in cui il fiore transita a frutto. Si definisce di successo in base alla percentuale di fiori che riescono a trasformarsi. Un&#8217;allegagione ottimale garantisce grappoli sparsi e sani; problemi climatici durante questa fase possono causare la perdita di gran parte della produzione.<\/span><\/p>\n\n\n<h2 class=\"wp-block-heading\"><strong>Invaiatura e agostamento<\/strong><\/h2>\n\n\n<p><span style=\"font-weight: 400;\">Durante i mesi estivi (luglio e agosto), l&#8217;attenzione si sposta sulla maturazione del frutto e della pianta stessa.<\/span><\/p>\n<ul>\n<li style=\"font-weight: 400;\" aria-level=\"1\"><b>Invaiatura:<\/b><span style=\"font-weight: 400;\"> \u00c8 il momento in cui l&#8217;acino cambia colore. Le uve bianche virano verso il giallo\/dorato, mentre le uve rosse prendono tonalit\u00e0 violacee e scure. L&#8217;uva inizia ad accumulare zuccheri e l&#8217;acidit\u00e0 si riduce;<\/span><\/li>\n<li style=\"font-weight: 400;\" aria-level=\"1\"><b>Agostamento:<\/b><span style=\"font-weight: 400;\"> Contemporaneamente alla maturazione dell&#8217;uva, i germogli verdi della vite iniziano a indurirsi e a trasformarsi in tralci legnosi. Questo processo di lignificazione consente alla pianta di accumulare sostanze di riserva e proteggersi dalle gelate successive.<\/span><\/li>\n<\/ul>\n\n\n<h2 class=\"wp-block-heading\"><strong>Vendemmia: quando e come si raccoglie l&#8217;uva<\/strong><\/h2>\n\n\n<p><span style=\"font-weight: 400;\">Tra fine agosto e ottobre (e in alcuni casi fino a novembre per i vini vendemmiati tardivamente) l&#8217;uva raggiunge la maturit\u00e0 fenologica e zuccherina ideale. La raccolta pu\u00f2 essere effettuata manualmente o meccanicamente a seconda del tipo di terreno e della filosofia della cantina.<\/span><\/p>\n\n\n<h2 class=\"wp-block-heading\"><strong>Riposo vegetativo<\/strong><\/h2>\n\n\n\n<figure class=\"wp-block-image size-large\"><img loading=\"lazy\" decoding=\"async\" width=\"1024\" height=\"576\" src=\"https:\/\/www.callmewine.com\/blog\/wp-content\/uploads\/2026\/03\/eta-viti-tronco-1024x576.png\" alt=\"tronco di vite vecchia con foglie\" class=\"wp-image-5075\" srcset=\"https:\/\/www.callmewine.com\/blog\/wp-content\/uploads\/2026\/03\/eta-viti-tronco-1024x576.png 1024w, https:\/\/www.callmewine.com\/blog\/wp-content\/uploads\/2026\/03\/eta-viti-tronco-300x169.png 300w, https:\/\/www.callmewine.com\/blog\/wp-content\/uploads\/2026\/03\/eta-viti-tronco-768x432.png 768w, https:\/\/www.callmewine.com\/blog\/wp-content\/uploads\/2026\/03\/eta-viti-tronco-1536x864.png 1536w, https:\/\/www.callmewine.com\/blog\/wp-content\/uploads\/2026\/03\/eta-viti-tronco-750x422.png 750w, https:\/\/www.callmewine.com\/blog\/wp-content\/uploads\/2026\/03\/eta-viti-tronco-480x270.png 480w, https:\/\/www.callmewine.com\/blog\/wp-content\/uploads\/2026\/03\/eta-viti-tronco-1080x608.png 1080w, https:\/\/www.callmewine.com\/blog\/wp-content\/uploads\/2026\/03\/eta-viti-tronco.png 1920w\" sizes=\"auto, (max-width: 1024px) 100vw, 1024px\" \/><\/figure>\n\n\n<p><span style=\"font-weight: 400;\">Con l&#8217;arrivo dei primi freddi autunnali (novembre-dicembre), le foglie ingialliscono e cadono. La linfa smette di scorrere nelle parti aeree della pianta e si concentra nelle radici. La vite entra in dormienza, uno stato di &#8220;letargo&#8221; fondamentale per resistere alle basse temperature invernali, fino alla primavera successiva.<\/span><\/p>\n\n\n<h2 class=\"wp-block-heading\"><strong>Le fasi fenologiche nell&#8217;emisfero australe<\/strong><\/h2>\n\n\n<p><span style=\"font-weight: 400;\">Tutto quello che abbiamo visto finora vale per l&#8217;emisfero boreale, ma dall&#8217;altra parte del mondo il calendario si ribalta per intero. In paesi come Australia, Cile, Argentina, Sudafrica e Nuova Zelanda le stagioni sono invertite e, con esse, l&#8217;intero ciclo della vite scorre con circa sei mesi di sfasamento rispetto al nostro. Ecco le due sequenze a confronto:<\/span><\/p>\n\n\n<figure class=\"wp-block-table\"><table class=\"has-fixed-layout\"><tbody><tr><td><strong>Fase<\/strong><\/td><td><strong>Emisfero boreale<\/strong><\/td><td><strong>Emisfero australe<\/strong><\/td><\/tr><tr><td>Germogliamento e ripresa vegetativa<\/td><td>marzo\u2013aprile<\/td><td>settembre\u2013ottobre<\/td><\/tr><tr><td>Fioritura e allegagione<\/td><td>maggio\u2013giugno<\/td><td>novembre\u2013dicembre<\/td><\/tr><tr><td>Invaiatura e agostamento<\/td><td>luglio\u2013agosto<\/td><td>gennaio\u2013febbraio<\/td><\/tr><tr><td>Vendemmia<\/td><td>settembre\u2013ottobre<\/td><td>febbraio\u2013aprile<\/td><\/tr><tr><td><br>Riposo vegetativo<\/td><td>novembre\u2013febbraio<\/td><td>maggio\u2013agosto<\/td><\/tr><\/tbody><\/table><\/figure>\n\n\n<p><span style=\"font-weight: 400;\">Questo sfasamento ha un risvolto pratico anche per chi compra: quando leggi un&#8217;annata in etichetta su un <\/span><a href=\"https:\/\/www.callmewine.com\/vini-australia-M1N5.htm\"><span style=\"font-weight: 400;\">vino australiano<\/span><\/a><span style=\"font-weight: 400;\">, un vino cileno o un <\/span><a href=\"https:\/\/www.callmewine.com\/vini-nuova-zelanda-M1N35.htm\"><span style=\"font-weight: 400;\">vino neozelandese<\/span><\/a><span style=\"font-weight: 400;\">, quell&#8217;uva \u00e8 stata vendemmiata all&#8217;inizio dell&#8217;anno indicato, con diversi mesi di anticipo rispetto a un pari annata europeo.<\/span><\/p>\n\n\n<figure class=\"wp-block-image size-large\"><img loading=\"lazy\" decoding=\"async\" width=\"1024\" height=\"576\" src=\"https:\/\/www.callmewine.com\/blog\/wp-content\/uploads\/2026\/03\/eta-viti-pianta-1024x576.png\" alt=\"vite vecchia con terreno rosso\" class=\"wp-image-5074\" srcset=\"https:\/\/www.callmewine.com\/blog\/wp-content\/uploads\/2026\/03\/eta-viti-pianta-1024x576.png 1024w, https:\/\/www.callmewine.com\/blog\/wp-content\/uploads\/2026\/03\/eta-viti-pianta-300x169.png 300w, https:\/\/www.callmewine.com\/blog\/wp-content\/uploads\/2026\/03\/eta-viti-pianta-768x432.png 768w, https:\/\/www.callmewine.com\/blog\/wp-content\/uploads\/2026\/03\/eta-viti-pianta-1536x864.png 1536w, https:\/\/www.callmewine.com\/blog\/wp-content\/uploads\/2026\/03\/eta-viti-pianta-750x422.png 750w, https:\/\/www.callmewine.com\/blog\/wp-content\/uploads\/2026\/03\/eta-viti-pianta-480x270.png 480w, https:\/\/www.callmewine.com\/blog\/wp-content\/uploads\/2026\/03\/eta-viti-pianta-1080x608.png 1080w, https:\/\/www.callmewine.com\/blog\/wp-content\/uploads\/2026\/03\/eta-viti-pianta.png 1920w\" sizes=\"auto, (max-width: 1024px) 100vw, 1024px\" \/><\/figure>\n\n\n\n<h2 class=\"wp-block-heading\"><strong>Il ciclo biennale della vite: cosa significa?<\/strong><\/h2>\n\n\n<p><span style=\"font-weight: 400;\">C&#8217;\u00e8 una cosa che sorprende quasi tutti: il grappolo che berrai il prossimo anno comincia a formarsi gi\u00e0 quest&#8217;anno, mentre la vite \u00e8 ancora carica d&#8217;uva. In pratica la pianta lavora su due raccolti in una volta sola.<\/span><\/p>\n<p><span style=\"font-weight: 400;\">In estate, mentre i grappoli della stagione maturano al sole, si sviluppano piccole gemme dentro cui iniziano a crescere piccoli fiori in miniatura, che saranno i grappoli dell&#8217;anno successivo. Questo momento si chiama <\/span><b>differenziazione delle gemme<\/b><span style=\"font-weight: 400;\">: \u00e8 proprio adesso, sotto il sole d&#8217;estate, che dentro ogni gemma si decide quanti e quali grappoli nasceranno la stagione dopo.<\/span><\/p>\n<p><span style=\"font-weight: 400;\">Non tutte le gemme, per\u00f2, sono uguali:<\/span><\/p>\n<ul>\n<li style=\"font-weight: 400;\" aria-level=\"1\"><span style=\"font-weight: 400;\">la <\/span><b>gemma pronta<\/b><span style=\"font-weight: 400;\"> si apre nella stessa estate e d\u00e0 i germogli laterali (le femminelle);<\/span><\/li>\n<li style=\"font-weight: 400;\" aria-level=\"1\"><span style=\"font-weight: 400;\">la <\/span><b>gemma latente<\/b><span style=\"font-weight: 400;\"> (o ibernante) \u00e8 quella che supera l&#8217;inverno e si aprir\u00e0 la primavera seguente: \u00e8 lei a portare i grappoli della vendemmia;<\/span><\/li>\n<li style=\"font-weight: 400;\" aria-level=\"1\"><span style=\"font-weight: 400;\">al suo interno si nasconde la <\/span><b>controgemma<\/b><span style=\"font-weight: 400;\">, una riserva pronta a subentrare se la gemma principale viene danneggiata.<\/span><\/li>\n<\/ul>\n<p><span style=\"font-weight: 400;\">La pianta ne forma molte pi\u00f9 del necessario, e non tutte diventeranno grappolo:<\/span><\/p>\n<ul>\n<li style=\"font-weight: 400;\" aria-level=\"1\"><span style=\"font-weight: 400;\">Alcune daranno frutto: la primavera successiva si apriranno in germogli e poi in grappoli;<\/span><\/li>\n<li style=\"font-weight: 400;\" aria-level=\"1\"><span style=\"font-weight: 400;\">Altre resteranno dormienti, pronte a partire pi\u00f9 avanti se serve;<\/span><\/li>\n<li style=\"font-weight: 400;\" aria-level=\"1\"><span style=\"font-weight: 400;\">Altre verranno eliminate dal viticoltore con la potatura invernale.<\/span><\/li>\n<\/ul>\n\n\n<h3 class=\"wp-block-heading\"><strong>La selezione delle gemme nel ciclo biennale<\/strong><\/h3>\n\n\n<p><span style=\"font-weight: 400;\">Scegliere quali gemme tenere \u00e8 la scelta agronomica cardinale per un vignaiolo. Tutto viene pensato per non caricare troppo la pianta e ottenere un&#8217;uva migliore.<\/span><\/p>\n<p><span style=\"font-weight: 400;\">Questo processo prende il nome di ciclo biennale, perch\u00e9 servono due estati per arrivare al grappolo, anche se la vite produce tutti gli anni.<\/span><\/p>\n<ul>\n<li style=\"font-weight: 400;\" aria-level=\"1\"><span style=\"font-weight: 400;\">Anno 1 \u2014 la vite progetta: in estate forma nelle gemme i grappoli possibili per l&#8217;anno dopo;<\/span><\/li>\n<li style=\"font-weight: 400;\" aria-level=\"1\"><span style=\"font-weight: 400;\">Anno 2 \u2014 la vite realizza: la primavera seguente le gemme scelte si aprono e diventano i grappoli della vendemmia.<\/span><\/li>\n<\/ul>\n<p><span style=\"font-weight: 400;\">Ne deriva una conseguenza concreta: le cure di oggi \u2014 potatura, acqua, nutrimento \u2014 non servono solo all&#8217;uva di quest&#8217;anno, ma decidono anche il raccolto del prossimo, perch\u00e9 \u00e8 adesso che quelle gemme si formano. Ed \u00e8 lo stesso motivo per cui una <\/span><b>grandinata<\/b><span style=\"font-weight: 400;\"> o uno <\/span><b>stress idrico<\/b><span style=\"font-weight: 400;\"> estivo si pagano l&#8217;anno successivo: se colpiscono mentre le gemme si stanno differenziando, quei grappoli in miniatura si formano male o in numero ridotto, e a rimetterci \u00e8 la vendemmia dell&#8217;anno dopo. La controgemma pu\u00f2 salvare qualcosa se la principale viene distrutta, ma di solito \u00e8 meno fertile: ecco perch\u00e9 un danno di oggi lascia il segno anche domani.<\/span><\/p>\n\n\n<h2 class=\"wp-block-heading\"><strong><strong>Quando si pianta e come si pota la vite<\/strong><\/strong><\/h2>\n\n\n<p><span style=\"font-weight: 400;\">Per capire meglio il calendario e le tecniche per la gestione della vite, \u00e8 utile capire che piantare e potare la vite sono le due decisioni strutturali che condizionano tutto il ciclo di vita. L\u2019impianto delle barbatelle definisce il rapporto tra pianta, suolo e clima, mentre la potatura, anno dopo anno, orienta l\u2019equilibrio tra vigore vegetativo e produzione di uva.<\/span><\/p>\n\n\n<h3 class=\"wp-block-heading\"><strong><strong>In che periodo dell&#8217;anno si pianta la vite? <\/strong><\/strong><\/h3>\n\n\n<p><span style=\"font-weight: 400;\">Il periodo ideale per piantare una nuova vite (messa a dimora delle barbatelle) va <\/span><b>da tardo autunno a fine inverno (da novembre a marzo)<\/b><span style=\"font-weight: 400;\">, durante la fase di riposo vegetativo della pianta, preferibilmente evitando i momenti di gelo intenso nel terreno. In questo modo le radici hanno il tempo di assestarsi prima del risveglio primaverile.<\/span><\/p>\n\n\n<h3 class=\"wp-block-heading\"><strong><strong>Come e quando si pota?<\/strong><\/strong><\/h3>\n\n\n<p><span style=\"font-weight: 400;\">La potatura principale si esegue in inverno, durante il <\/span><b>riposo vegetativo<\/b><span style=\"font-weight: 400;\">, e non \u00e8 un caso, perch\u00e9 in questo periodo la linfa si ritira verso le radici e il legno, la pianta smette di crescere e vive delle riserve accumulate durante l&#8217;estate. Intervenire in questa fase significa quindi tagliare quando la vite \u00e8 meno vulnerabile, con il minimo rischio di indebolirla. C&#8217;\u00e8 anche un vantaggio pratico: senza foglie la struttura della pianta \u00e8 ben visibile, e questo permette al viticoltore di leggere con chiarezza i tralci e scegliere quali gemme conservare per la vendemmia successiva. Potare troppo tardi provocherebbe una perdita di linfa che \u00e8 meglio evitare. Per le tecniche dettagliate di potatura invernale e verde, leggi la nostra guida completa alla<\/span><a href=\"https:\/\/www.callmewine.com\/blog\/wine-academy\/how-to\/la-potatura-della-vite-cicli-e-forme-di-allevamento\/\"> <span style=\"font-weight: 400;\">potatura della vite<\/span><\/a><span style=\"font-weight: 400;\">.<\/span><\/p>\n\n\n<h3 class=\"wp-block-heading\"><strong><strong><strong>Cosa non piantare vicino alla vite<\/strong><\/strong><\/strong><\/h3>\n\n\n<p><span style=\"font-weight: 400;\">Nella gestione del vigneto e dell&#8217;orto, la vicinanza tra specie diverse, detta anche consociazione, \u00e8 fondamentale. Alcune piante competono negativamente con la vite o attirano parassiti nocivi. \u00c8 consigliabile <\/span><b>non piantare vicino alla vite<\/b><span style=\"font-weight: 400;\">:<\/span><\/p>\n<ul>\n<li style=\"font-weight: 400;\" aria-level=\"1\"><b>Brassicacee\/Crocifere (cavoli, broccoli, rape):<\/b><span style=\"font-weight: 400;\"> hanno apparati radicali aggressivi e sostanze chimiche nel suolo che possono inibire lo sviluppo della vite;<\/span><\/li>\n<li style=\"font-weight: 400;\" aria-level=\"1\"><b>Solanacee (pomodori, patate, melanzane):<\/b><span style=\"font-weight: 400;\"> condividono con la vite alcuni parassiti terricoli e fungini e assorbono grandi quantit\u00e0 di nutrimento dal suolo;<\/span><\/li>\n<li style=\"font-weight: 400;\" aria-level=\"1\"><b>Piante ad alto fusto o molto ombreggianti (es. mais o girasoli a ridosso del filare):<\/b><span style=\"font-weight: 400;\"> tolgono la luce solare diretta, fondamentale per la fotosintesi e la maturazione dell&#8217;uva.<\/span><\/li>\n<\/ul>\n\n\n<h2 class=\"wp-block-heading\"><strong>Quanti anni ci vogliono perch\u00e9 una vite produca uva di qualit\u00e0?<\/strong><\/h2>\n\n\n<p><span style=\"font-weight: 400;\">Un errore comune \u00e8 pensare che una vite appena piantata produca subito grandi vini. La pianta attraversa diverse fasi nel corso della sua vita:<\/span><\/p>\n<ul>\n<li style=\"font-weight: 400;\" aria-level=\"1\"><b>Fase giovanile (0-3 anni):<\/b><span style=\"font-weight: 400;\"> La pianta concentra tutte le sue energie nello sviluppo delle radici e della struttura legnosa. La produzione di uva \u00e8 assente o minima;<\/span><\/li>\n<li style=\"font-weight: 400;\" aria-level=\"1\"><b>Entrata in produzione (4-6 anni):<\/b><span style=\"font-weight: 400;\"> La vite inizia a produrre i primi raccolti significativi, ma l&#8217;uva ha ancora un profilo aromatico semplice e rese incostanti;<\/span><\/li>\n<li style=\"font-weight: 400;\" aria-level=\"1\"><b>Piena produzione ed equilibrio (7-25 anni):<\/b><span style=\"font-weight: 400;\"> La pianta raggiunge il perfetto bilanciamento tra vigore vegetativo e quantit\u00e0 di uva. \u00c8 il periodo in cui offre rese stabili e frutti ben bilanciati;<\/span><\/li>\n<li style=\"font-weight: 400;\" aria-level=\"1\"><b>Maturit\u00e0 avanzata e vigne storiche (oltre i 25-35 anni):<\/b><span style=\"font-weight: 400;\"> La produzione quantitativa comincia a calare gradualmente, ma la concentrazione di aromi, zuccheri e acidi negli acini aumenta. Le radici profonde permettono alla pianta di esplorare gli strati pi\u00f9 ricchi del terreno.<\/span><\/li>\n<\/ul>\n<p><span style=\"font-weight: 400;\">In sintesi, anche se la vite inizia a fare i primi frutti gi\u00e0 al <\/span><b>terzo anno<\/b><span style=\"font-weight: 400;\">, sono necessari <\/span><b>almeno 5-7 anni<\/b><span style=\"font-weight: 400;\"> affinch\u00e9 la pianta riesca a produrre un&#8217;uva bilanciata e adatta alla vinificazione di qualit\u00e0.<\/span><\/p>\n\n<p style=\"text-align: center;\"><strong>Potrebbe interessarti anche:<\/strong><\/p>\n<p><a href=\"https:\/\/www.callmewine.com\/blog\/focus\/focus-la-fillossera\/\">Cos\u2019\u00e8 la fillossera<\/a>\u00a0|\u00a0<a href=\"https:\/\/www.callmewine.com\/blog\/focus\/storia-del-vino\/\">La storia del vino<\/a>\u00a0|\u00a0<a href=\"https:\/\/www.callmewine.com\/blog\/focus\/viti-a-piede-franco-unanima-autentica-del-vino\/\">Viti a piede franco<\/a>\u00a0|\u00a0<a href=\"https:\/\/www.callmewine.com\/blog\/focus\/linfluenza-del-suolo-sul-vino-e-le-differenti-tipologie-di-terreni\/\">L\u2019influenza del suolo sul vino<\/a>\u00a0|\u00a0<a href=\"https:\/\/www.callmewine.com\/blog\/focus\/premier-cru-e-grand-cru-i-miti-di-borgogna-e-champagne\/\">Premier Cru e Grand Cru<\/a>\u00a0|\u00a0<a href=\"https:\/\/www.callmewine.com\/blog\/focus\/il-vino-invecchiato-nelle-botti-di-legno\/\">Il vino invecchiato in legno<\/a><\/p>","protected":false},"excerpt":{"rendered":"<p>Quali sono le fasi di vita della vite? E cosa sono le fasi fenologiche? Scopri tutti il ciclo della vite e le sue stagioni con Callmewine!<\/p>\n","protected":false},"author":8,"featured_media":5076,"comment_status":"closed","ping_status":"closed","sticky":false,"template":"","format":"standard","meta":{"footnotes":""},"categories":[6],"tags":[],"class_list":["post-5324","post","type-post","status-publish","format-standard","has-post-thumbnail","hentry","category-focus"],"yoast_head":"<!-- This site is optimized with the Yoast SEO plugin v28.4 - https:\/\/yoast.com\/product\/yoast-seo-wordpress\/ -->\n<title>Ciclo della Vite e fasi fenologiche | Callmewine<\/title>\n<meta name=\"description\" content=\"Come funziona il ciclo della vita della vite? Scoprilo con Callmewine e lasciati sorprendere dalla magia delle viti\" \/>\n<meta name=\"robots\" content=\"index, follow, max-snippet:-1, max-image-preview:large, max-video-preview:-1\" \/>\n<link rel=\"canonical\" href=\"https:\/\/www.callmewine.com\/blog\/focus\/ciclo-della-vite\/\" \/>\n<meta property=\"og:locale\" content=\"it_IT\" \/>\n<meta property=\"og:type\" content=\"article\" \/>\n<meta property=\"og:title\" content=\"Ciclo della Vite e fasi fenologiche | Callmewine\" \/>\n<meta property=\"og:description\" content=\"Come funziona il ciclo della vita della vite? Scoprilo con Callmewine e lasciati sorprendere dalla magia delle viti\" \/>\n<meta property=\"og:url\" content=\"https:\/\/www.callmewine.com\/blog\/focus\/ciclo-della-vite\/\" \/>\n<meta property=\"og:site_name\" content=\"Callmewine Blog\" \/>\n<meta property=\"article:publisher\" content=\"https:\/\/www.facebook.com\/Callmewine\/\" \/>\n<meta property=\"article:published_time\" content=\"2026-09-02T14:30:59+00:00\" \/>\n<meta property=\"article:modified_time\" content=\"2026-09-02T14:31:27+00:00\" \/>\n<meta property=\"og:image\" content=\"https:\/\/www.callmewine.com\/blog\/wp-content\/uploads\/2026\/03\/eta-viti.png\" \/>\n\t<meta property=\"og:image:width\" content=\"800\" \/>\n\t<meta property=\"og:image:height\" content=\"570\" \/>\n\t<meta property=\"og:image:type\" content=\"image\/png\" \/>\n<meta name=\"author\" content=\"Matteo Bosticco\" \/>\n<meta name=\"twitter:card\" content=\"summary_large_image\" \/>\n<meta name=\"twitter:label1\" content=\"Scritto da\" \/>\n\t<meta name=\"twitter:data1\" content=\"Matteo Bosticco\" \/>\n\t<meta name=\"twitter:label2\" content=\"Tempo di lettura stimato\" \/>\n\t<meta name=\"twitter:data2\" content=\"12 minuti\" \/>\n<script type=\"application\/ld+json\" class=\"yoast-schema-graph\">{\"@context\":\"https:\\\/\\\/schema.org\",\"@graph\":[{\"@type\":\"Article\",\"@id\":\"https:\\\/\\\/www.callmewine.com\\\/blog\\\/focus\\\/ciclo-della-vite\\\/#article\",\"isPartOf\":{\"@id\":\"https:\\\/\\\/www.callmewine.com\\\/blog\\\/focus\\\/ciclo-della-vite\\\/\"},\"author\":{\"name\":\"Matteo Bosticco\",\"@id\":\"https:\\\/\\\/www.callmewine.com\\\/blog\\\/#\\\/schema\\\/person\\\/9c24245d53df4adce9343a007c368ff4\"},\"headline\":\"Ciclo della Vite: le Fasi Fenologiche Mese per Mese\",\"datePublished\":\"2026-09-02T14:30:59+00:00\",\"dateModified\":\"2026-09-02T14:31:27+00:00\",\"mainEntityOfPage\":{\"@id\":\"https:\\\/\\\/www.callmewine.com\\\/blog\\\/focus\\\/ciclo-della-vite\\\/\"},\"wordCount\":1935,\"publisher\":{\"@id\":\"https:\\\/\\\/www.callmewine.com\\\/blog\\\/#organization\"},\"image\":{\"@id\":\"https:\\\/\\\/www.callmewine.com\\\/blog\\\/focus\\\/ciclo-della-vite\\\/#primaryimage\"},\"thumbnailUrl\":\"https:\\\/\\\/www.callmewine.com\\\/blog\\\/wp-content\\\/uploads\\\/2026\\\/03\\\/eta-viti.png\",\"articleSection\":[\"Focus\"],\"inLanguage\":\"it-IT\"},{\"@type\":\"WebPage\",\"@id\":\"https:\\\/\\\/www.callmewine.com\\\/blog\\\/focus\\\/ciclo-della-vite\\\/\",\"url\":\"https:\\\/\\\/www.callmewine.com\\\/blog\\\/focus\\\/ciclo-della-vite\\\/\",\"name\":\"Ciclo della Vite e fasi fenologiche | Callmewine\",\"isPartOf\":{\"@id\":\"https:\\\/\\\/www.callmewine.com\\\/blog\\\/#website\"},\"primaryImageOfPage\":{\"@id\":\"https:\\\/\\\/www.callmewine.com\\\/blog\\\/focus\\\/ciclo-della-vite\\\/#primaryimage\"},\"image\":{\"@id\":\"https:\\\/\\\/www.callmewine.com\\\/blog\\\/focus\\\/ciclo-della-vite\\\/#primaryimage\"},\"thumbnailUrl\":\"https:\\\/\\\/www.callmewine.com\\\/blog\\\/wp-content\\\/uploads\\\/2026\\\/03\\\/eta-viti.png\",\"datePublished\":\"2026-09-02T14:30:59+00:00\",\"dateModified\":\"2026-09-02T14:31:27+00:00\",\"description\":\"Come funziona il ciclo della vita della vite? Scoprilo con Callmewine e lasciati sorprendere dalla magia delle viti\",\"breadcrumb\":{\"@id\":\"https:\\\/\\\/www.callmewine.com\\\/blog\\\/focus\\\/ciclo-della-vite\\\/#breadcrumb\"},\"inLanguage\":\"it-IT\",\"potentialAction\":[{\"@type\":\"ReadAction\",\"target\":[\"https:\\\/\\\/www.callmewine.com\\\/blog\\\/focus\\\/ciclo-della-vite\\\/\"]}]},{\"@type\":\"ImageObject\",\"inLanguage\":\"it-IT\",\"@id\":\"https:\\\/\\\/www.callmewine.com\\\/blog\\\/focus\\\/ciclo-della-vite\\\/#primaryimage\",\"url\":\"https:\\\/\\\/www.callmewine.com\\\/blog\\\/wp-content\\\/uploads\\\/2026\\\/03\\\/eta-viti.png\",\"contentUrl\":\"https:\\\/\\\/www.callmewine.com\\\/blog\\\/wp-content\\\/uploads\\\/2026\\\/03\\\/eta-viti.png\",\"width\":800,\"height\":570,\"caption\":\"copertina articolo ciclo della vite\"},{\"@type\":\"BreadcrumbList\",\"@id\":\"https:\\\/\\\/www.callmewine.com\\\/blog\\\/focus\\\/ciclo-della-vite\\\/#breadcrumb\",\"itemListElement\":[{\"@type\":\"ListItem\",\"position\":1,\"name\":\"Blog\",\"item\":\"https:\\\/\\\/www.callmewine.com\\\/blog\\\/\"},{\"@type\":\"ListItem\",\"position\":2,\"name\":\"Focus\",\"item\":\"https:\\\/\\\/www.callmewine.com\\\/blog\\\/category\\\/focus\\\/\"},{\"@type\":\"ListItem\",\"position\":3,\"name\":\"Ciclo della Vite: le Fasi Fenologiche Mese per Mese\"}]},{\"@type\":\"WebSite\",\"@id\":\"https:\\\/\\\/www.callmewine.com\\\/blog\\\/#website\",\"url\":\"https:\\\/\\\/www.callmewine.com\\\/blog\\\/\",\"name\":\"Callmewine Blog\",\"description\":\"Il Blog di riferimento per il mondo del vino\",\"publisher\":{\"@id\":\"https:\\\/\\\/www.callmewine.com\\\/blog\\\/#organization\"},\"potentialAction\":[{\"@type\":\"SearchAction\",\"target\":{\"@type\":\"EntryPoint\",\"urlTemplate\":\"https:\\\/\\\/www.callmewine.com\\\/blog\\\/?s={search_term_string}\"},\"query-input\":{\"@type\":\"PropertyValueSpecification\",\"valueRequired\":true,\"valueName\":\"search_term_string\"}}],\"inLanguage\":\"it-IT\"},{\"@type\":\"Organization\",\"@id\":\"https:\\\/\\\/www.callmewine.com\\\/blog\\\/#organization\",\"name\":\"Callmewine\",\"url\":\"https:\\\/\\\/www.callmewine.com\\\/blog\\\/\",\"logo\":{\"@type\":\"ImageObject\",\"inLanguage\":\"it-IT\",\"@id\":\"https:\\\/\\\/www.callmewine.com\\\/blog\\\/#\\\/schema\\\/logo\\\/image\\\/\",\"url\":\"https:\\\/\\\/www.callmewine.com\\\/blog\\\/wp-content\\\/uploads\\\/2022\\\/05\\\/logo.dcd0a122.png\",\"contentUrl\":\"https:\\\/\\\/www.callmewine.com\\\/blog\\\/wp-content\\\/uploads\\\/2022\\\/05\\\/logo.dcd0a122.png\",\"width\":1080,\"height\":274,\"caption\":\"Callmewine\"},\"image\":{\"@id\":\"https:\\\/\\\/www.callmewine.com\\\/blog\\\/#\\\/schema\\\/logo\\\/image\\\/\"},\"sameAs\":[\"https:\\\/\\\/www.facebook.com\\\/Callmewine\\\/\"]},{\"@type\":\"Person\",\"@id\":\"https:\\\/\\\/www.callmewine.com\\\/blog\\\/#\\\/schema\\\/person\\\/9c24245d53df4adce9343a007c368ff4\",\"name\":\"Matteo Bosticco\",\"image\":{\"@type\":\"ImageObject\",\"inLanguage\":\"it-IT\",\"@id\":\"https:\\\/\\\/secure.gravatar.com\\\/avatar\\\/992e0e2efad3e6280060884460ad8b7e577b381244e9d1f4328f6053ab310c6e?s=96&d=mm&r=g\",\"url\":\"https:\\\/\\\/secure.gravatar.com\\\/avatar\\\/992e0e2efad3e6280060884460ad8b7e577b381244e9d1f4328f6053ab310c6e?s=96&d=mm&r=g\",\"contentUrl\":\"https:\\\/\\\/secure.gravatar.com\\\/avatar\\\/992e0e2efad3e6280060884460ad8b7e577b381244e9d1f4328f6053ab310c6e?s=96&d=mm&r=g\",\"caption\":\"Matteo Bosticco\"}}]}<\/script>\n<!-- \/ Yoast SEO plugin. -->","yoast_head_json":{"title":"Ciclo della Vite e fasi fenologiche | Callmewine","description":"Come funziona il ciclo della vita della vite? Scoprilo con Callmewine e lasciati sorprendere dalla magia delle viti","robots":{"index":"index","follow":"follow","max-snippet":"max-snippet:-1","max-image-preview":"max-image-preview:large","max-video-preview":"max-video-preview:-1"},"canonical":"https:\/\/www.callmewine.com\/blog\/focus\/ciclo-della-vite\/","og_locale":"it_IT","og_type":"article","og_title":"Ciclo della Vite e fasi fenologiche | Callmewine","og_description":"Come funziona il ciclo della vita della vite? Scoprilo con Callmewine e lasciati sorprendere dalla magia delle viti","og_url":"https:\/\/www.callmewine.com\/blog\/focus\/ciclo-della-vite\/","og_site_name":"Callmewine Blog","article_publisher":"https:\/\/www.facebook.com\/Callmewine\/","article_published_time":"2026-09-02T14:30:59+00:00","article_modified_time":"2026-09-02T14:31:27+00:00","og_image":[{"width":800,"height":570,"url":"https:\/\/www.callmewine.com\/blog\/wp-content\/uploads\/2026\/03\/eta-viti.png","type":"image\/png"}],"author":"Matteo Bosticco","twitter_card":"summary_large_image","twitter_misc":{"Scritto da":"Matteo Bosticco","Tempo di lettura stimato":"12 minuti"},"schema":{"@context":"https:\/\/schema.org","@graph":[{"@type":"Article","@id":"https:\/\/www.callmewine.com\/blog\/focus\/ciclo-della-vite\/#article","isPartOf":{"@id":"https:\/\/www.callmewine.com\/blog\/focus\/ciclo-della-vite\/"},"author":{"name":"Matteo Bosticco","@id":"https:\/\/www.callmewine.com\/blog\/#\/schema\/person\/9c24245d53df4adce9343a007c368ff4"},"headline":"Ciclo della Vite: le Fasi Fenologiche Mese per Mese","datePublished":"2026-09-02T14:30:59+00:00","dateModified":"2026-09-02T14:31:27+00:00","mainEntityOfPage":{"@id":"https:\/\/www.callmewine.com\/blog\/focus\/ciclo-della-vite\/"},"wordCount":1935,"publisher":{"@id":"https:\/\/www.callmewine.com\/blog\/#organization"},"image":{"@id":"https:\/\/www.callmewine.com\/blog\/focus\/ciclo-della-vite\/#primaryimage"},"thumbnailUrl":"https:\/\/www.callmewine.com\/blog\/wp-content\/uploads\/2026\/03\/eta-viti.png","articleSection":["Focus"],"inLanguage":"it-IT"},{"@type":"WebPage","@id":"https:\/\/www.callmewine.com\/blog\/focus\/ciclo-della-vite\/","url":"https:\/\/www.callmewine.com\/blog\/focus\/ciclo-della-vite\/","name":"Ciclo della Vite e fasi fenologiche | Callmewine","isPartOf":{"@id":"https:\/\/www.callmewine.com\/blog\/#website"},"primaryImageOfPage":{"@id":"https:\/\/www.callmewine.com\/blog\/focus\/ciclo-della-vite\/#primaryimage"},"image":{"@id":"https:\/\/www.callmewine.com\/blog\/focus\/ciclo-della-vite\/#primaryimage"},"thumbnailUrl":"https:\/\/www.callmewine.com\/blog\/wp-content\/uploads\/2026\/03\/eta-viti.png","datePublished":"2026-09-02T14:30:59+00:00","dateModified":"2026-09-02T14:31:27+00:00","description":"Come funziona il ciclo della vita della vite? Scoprilo con Callmewine e lasciati sorprendere dalla magia delle viti","breadcrumb":{"@id":"https:\/\/www.callmewine.com\/blog\/focus\/ciclo-della-vite\/#breadcrumb"},"inLanguage":"it-IT","potentialAction":[{"@type":"ReadAction","target":["https:\/\/www.callmewine.com\/blog\/focus\/ciclo-della-vite\/"]}]},{"@type":"ImageObject","inLanguage":"it-IT","@id":"https:\/\/www.callmewine.com\/blog\/focus\/ciclo-della-vite\/#primaryimage","url":"https:\/\/www.callmewine.com\/blog\/wp-content\/uploads\/2026\/03\/eta-viti.png","contentUrl":"https:\/\/www.callmewine.com\/blog\/wp-content\/uploads\/2026\/03\/eta-viti.png","width":800,"height":570,"caption":"copertina articolo ciclo della vite"},{"@type":"BreadcrumbList","@id":"https:\/\/www.callmewine.com\/blog\/focus\/ciclo-della-vite\/#breadcrumb","itemListElement":[{"@type":"ListItem","position":1,"name":"Blog","item":"https:\/\/www.callmewine.com\/blog\/"},{"@type":"ListItem","position":2,"name":"Focus","item":"https:\/\/www.callmewine.com\/blog\/category\/focus\/"},{"@type":"ListItem","position":3,"name":"Ciclo della Vite: le Fasi Fenologiche Mese per Mese"}]},{"@type":"WebSite","@id":"https:\/\/www.callmewine.com\/blog\/#website","url":"https:\/\/www.callmewine.com\/blog\/","name":"Callmewine Blog","description":"Il Blog di riferimento per il mondo del vino","publisher":{"@id":"https:\/\/www.callmewine.com\/blog\/#organization"},"potentialAction":[{"@type":"SearchAction","target":{"@type":"EntryPoint","urlTemplate":"https:\/\/www.callmewine.com\/blog\/?s={search_term_string}"},"query-input":{"@type":"PropertyValueSpecification","valueRequired":true,"valueName":"search_term_string"}}],"inLanguage":"it-IT"},{"@type":"Organization","@id":"https:\/\/www.callmewine.com\/blog\/#organization","name":"Callmewine","url":"https:\/\/www.callmewine.com\/blog\/","logo":{"@type":"ImageObject","inLanguage":"it-IT","@id":"https:\/\/www.callmewine.com\/blog\/#\/schema\/logo\/image\/","url":"https:\/\/www.callmewine.com\/blog\/wp-content\/uploads\/2022\/05\/logo.dcd0a122.png","contentUrl":"https:\/\/www.callmewine.com\/blog\/wp-content\/uploads\/2022\/05\/logo.dcd0a122.png","width":1080,"height":274,"caption":"Callmewine"},"image":{"@id":"https:\/\/www.callmewine.com\/blog\/#\/schema\/logo\/image\/"},"sameAs":["https:\/\/www.facebook.com\/Callmewine\/"]},{"@type":"Person","@id":"https:\/\/www.callmewine.com\/blog\/#\/schema\/person\/9c24245d53df4adce9343a007c368ff4","name":"Matteo Bosticco","image":{"@type":"ImageObject","inLanguage":"it-IT","@id":"https:\/\/secure.gravatar.com\/avatar\/992e0e2efad3e6280060884460ad8b7e577b381244e9d1f4328f6053ab310c6e?s=96&d=mm&r=g","url":"https:\/\/secure.gravatar.com\/avatar\/992e0e2efad3e6280060884460ad8b7e577b381244e9d1f4328f6053ab310c6e?s=96&d=mm&r=g","contentUrl":"https:\/\/secure.gravatar.com\/avatar\/992e0e2efad3e6280060884460ad8b7e577b381244e9d1f4328f6053ab310c6e?s=96&d=mm&r=g","caption":"Matteo Bosticco"}}]}},"jetpack_featured_media_url":"https:\/\/www.callmewine.com\/blog\/wp-content\/uploads\/2026\/03\/eta-viti.png","_links":{"self":[{"href":"https:\/\/www.callmewine.com\/blog\/wp-json\/wp\/v2\/posts\/5324","targetHints":{"allow":["GET"]}}],"collection":[{"href":"https:\/\/www.callmewine.com\/blog\/wp-json\/wp\/v2\/posts"}],"about":[{"href":"https:\/\/www.callmewine.com\/blog\/wp-json\/wp\/v2\/types\/post"}],"author":[{"embeddable":true,"href":"https:\/\/www.callmewine.com\/blog\/wp-json\/wp\/v2\/users\/8"}],"replies":[{"embeddable":true,"href":"https:\/\/www.callmewine.com\/blog\/wp-json\/wp\/v2\/comments?post=5324"}],"version-history":[{"count":2,"href":"https:\/\/www.callmewine.com\/blog\/wp-json\/wp\/v2\/posts\/5324\/revisions"}],"predecessor-version":[{"id":5327,"href":"https:\/\/www.callmewine.com\/blog\/wp-json\/wp\/v2\/posts\/5324\/revisions\/5327"}],"wp:featuredmedia":[{"embeddable":true,"href":"https:\/\/www.callmewine.com\/blog\/wp-json\/wp\/v2\/media\/5076"}],"wp:attachment":[{"href":"https:\/\/www.callmewine.com\/blog\/wp-json\/wp\/v2\/media?parent=5324"}],"wp:term":[{"taxonomy":"category","embeddable":true,"href":"https:\/\/www.callmewine.com\/blog\/wp-json\/wp\/v2\/categories?post=5324"},{"taxonomy":"post_tag","embeddable":true,"href":"https:\/\/www.callmewine.com\/blog\/wp-json\/wp\/v2\/tags?post=5324"}],"curies":[{"name":"wp","href":"https:\/\/api.w.org\/{rel}","templated":true}]}}